{"id":18646,"date":"2020-10-10T15:56:32","date_gmt":"2020-10-10T20:56:32","guid":{"rendered":"http:\/\/www.zonaroja.com.mx\/?p=18646"},"modified":"2020-10-10T15:56:35","modified_gmt":"2020-10-10T20:56:35","slug":"otra-pifia-de-la-fiscalia-de-oaxaca-catea-domicilio-equivocado","status":"publish","type":"post","link":"https:\/\/zonaroja.com.mx\/?p=18646","title":{"rendered":"Otra pifia de la Fiscal\u00eda de Oaxaca: catea domicilio equivocado"},"content":{"rendered":"\n<p>Redacci\u00f3n\/Zona Roja.<\/p>\n\n\n\n<p>Oaxaca de Ju\u00e1rez, Oax., 10 de octubre de 2020.- Personal de la Fiscal\u00eda General del Estado de Oaxaca cate\u00f3 con violencia un domicilio equivocado, la madrugada de hoy, en Juchit\u00e1n de Zaragoza.<\/p>\n\n\n\n<p>Sus elementos de la Agencia Estatal de Investigaciones (AEI), acompa\u00f1ados de la Guardia Nacional, acudieron con la orden respectiva a un hogar en el callej\u00f3n El Encanto de la Sexta Secci\u00f3n de dicha ciudad de la regi\u00f3n del Istmo.<\/p>\n\n\n\n<p>Sin embargo, los moradores denunciaron que el documento que mostraron no correspond\u00eda al lugar que buscaban &#8211;en la colonia Lorenza Santiago&#8211; y que llegaron con violencia.<\/p>\n\n\n\n<p>El se\u00f1or Bernardo B. denunci\u00f3 ante los medios de comunicaci\u00f3n de la zona que los elementos de investigaci\u00f3n causaron varios destrozos a su domicilio, alrededor de las 05:0 horas.<\/p>\n\n\n\n<p>Levantaron a los familiares que a esa hora dorm\u00edan; ingresaron a los cuartos, registraron toda clase de muebles en busca de un probable delincuente y drogas.<\/p>\n\n\n\n<p>Los afectados pidieron auxilio a sus vecinos, que llegaron de inmediato al domicilio, lo que intimid\u00f3 a las fuerzas policiales, que abandonaron el sitio, pero sin dar ninguna explicaci\u00f3n ni mucho menos disculpas a los afectados.<\/p>\n\n\n\n<p>Hasta el momento la Fiscal\u00eda General del Estado, que encabeza Rub\u00e9n Vasconcelos M\u00e9ndez, a\u00fan no ha emitido una postura oficial al respecto.<\/p>\n","protected":false},"excerpt":{"rendered":"<p>Redacci\u00f3n\/Zona Roja. Oaxaca de Ju\u00e1rez, Oax., 10 de octubre de 2020.- Personal de la Fiscal\u00eda&hellip;<\/p>\n","protected":false},"author":2,"featured_media":18647,"comment_status":"closed","ping_status":"open","sticky":false,"template":"","format":"standard","meta":{"_lmt_disableupdate":"","_lmt_disable":"","_jetpack_memberships_contains_paid_content":false,"footnotes":""},"categories":[109,47],"tags":[494,123],"class_list":["post-18646","post","type-post","status-publish","format-standard","has-post-thumbnail","hentry","category-minuto-a-minuto","category-zona-gris","tag-fiscalia-general-del-estado-de-oaxaca","tag-juchitan-de-zaragoza"],"jetpack_featured_media_url":"https:\/\/zonaroja.com.mx\/wp-content\/uploads\/2020\/10\/AEI-cateo-ISTMO.jpg","jetpack_sharing_enabled":true,"_links":{"self":[{"href":"https:\/\/zonaroja.com.mx\/index.php?rest_route=\/wp\/v2\/posts\/18646","targetHints":{"allow":["GET"]}}],"collection":[{"href":"https:\/\/zonaroja.com.mx\/index.php?rest_route=\/wp\/v2\/posts"}],"about":[{"href":"https:\/\/zonaroja.com.mx\/index.php?rest_route=\/wp\/v2\/types\/post"}],"author":[{"embeddable":true,"href":"https:\/\/zonaroja.com.mx\/index.php?rest_route=\/wp\/v2\/users\/2"}],"replies":[{"embeddable":true,"href":"https:\/\/zonaroja.com.mx\/index.php?rest_route=%2Fwp%2Fv2%2Fcomments&post=18646"}],"version-history":[{"count":1,"href":"https:\/\/zonaroja.com.mx\/index.php?rest_route=\/wp\/v2\/posts\/18646\/revisions"}],"predecessor-version":[{"id":18648,"href":"https:\/\/zonaroja.com.mx\/index.php?rest_route=\/wp\/v2\/posts\/18646\/revisions\/18648"}],"wp:featuredmedia":[{"embeddable":true,"href":"https:\/\/zonaroja.com.mx\/index.php?rest_route=\/wp\/v2\/media\/18647"}],"wp:attachment":[{"href":"https:\/\/zonaroja.com.mx\/index.php?rest_route=%2Fwp%2Fv2%2Fmedia&parent=18646"}],"wp:term":[{"taxonomy":"category","embeddable":true,"href":"https:\/\/zonaroja.com.mx\/index.php?rest_route=%2Fwp%2Fv2%2Fcategories&post=18646"},{"taxonomy":"post_tag","embeddable":true,"href":"https:\/\/zonaroja.com.mx\/index.php?rest_route=%2Fwp%2Fv2%2Ftags&post=18646"}],"curies":[{"name":"wp","href":"https:\/\/api.w.org\/{rel}","templated":true}]}}