{"id":18651,"date":"2020-10-10T20:57:07","date_gmt":"2020-10-11T01:57:07","guid":{"rendered":"http:\/\/www.zonaroja.com.mx\/?p=18651"},"modified":"2020-10-10T20:57:12","modified_gmt":"2020-10-11T01:57:12","slug":"la-otra-cara-del-reclusorio-de-ixcotel-crean-internos-un-mural","status":"publish","type":"post","link":"https:\/\/zonaroja.com.mx\/?p=18651","title":{"rendered":"La otra cara del reclusorio de Ixcotel: crean internos un mural"},"content":{"rendered":"\n<p>Evlin Arag\u00f3n\/Zona Roja.<\/p>\n\n\n\n<p>Oaxaca de Ju\u00e1rez, Oax., 10 de octubre de 2020.- La dualidad de la vida y la muerte, el renacer y el perd\u00f3n, son parte de los conceptos que se han plasmado en el mural que elaboraron recientemente internos del reclusorio central ubicado en Santa Mar\u00eda Ixcotel, con el apoyo del reconocido artista urbano Jes\u00fas Coven.&nbsp;<\/p>\n\n\n\n<p>\u201cEn el mural tenemos un penacho creado con hueso de chacal el cual representa un nahual, figura muy importante en la simbolog\u00eda prehisp\u00e1nica local y que se mantiene viva en la cosmovisi\u00f3n de varias culturas, como este lado salvaje del ser humano\u201d, explica el artista al presentar la obra.<\/p>\n\n\n\n<p>Con una dimensi\u00f3n de 85 metros cuadrados, la pieza art\u00edstica requiri\u00f3 la participaci\u00f3n de 15 internos que ya forman parte del taller \u201cGr\u00e1fica Siquerios\u201d, que a sus tres a\u00f1os de abrir al interior del Centro de Reinserci\u00f3n Social, ha dado muestra del talento con el que cuentan algunos varones privados de su libertad.&nbsp;<\/p>\n\n\n\n<p>\u201cVida-Muerte. Aliento de colibr\u00ed\u201d, es el t\u00edtulo de la obra que refleja el ciclo de la vida y la muerte con una serie de elementos oaxaque\u00f1o que surgieron de la lluvia de ideas de los participantes, quienes se comprometieron a fondo con el proyecto que debido a los materiales de alta calidad tiene una vida proyectada de ocho a diez a\u00f1os al exterior.\u00a0<\/p>\n\n\n\n<figure class=\"wp-block-embed-twitter wp-block-embed is-type-rich is-provider-twitter\"><div class=\"wp-block-embed__wrapper\">\n<div class=\"twitter-tweet\"><blockquote class=\"twitter-tweet\" data-lang=\"es\"><p lang=\"es\" dir=\"ltr\"><a href=\"https:\/\/twitter.com\/hashtag\/HechoEnOaxaca?src=hash&amp;ref_src=twsrc%5Etfw\">#HechoEnOaxaca<\/a> <br>El taller de artes pl\u00e1sticas Siqueiros, de la <a href=\"https:\/\/twitter.com\/hashtag\/Penitenciar%C3%ADa?src=hash&amp;ref_src=twsrc%5Etfw\">#Penitenciar\u00eda<\/a> Central ubicada en Santa Mar\u00eda Ixcotel, <a href=\"https:\/\/twitter.com\/hashtag\/Oaxaca?src=hash&amp;ref_src=twsrc%5Etfw\">#Oaxaca<\/a>, contin\u00faa rindiendo frutos y este fin de semana concluyeron un mural en el patio del penal. Es parte de la reinserci\u00f3n social que promueve la <a href=\"https:\/\/twitter.com\/SSP_GobOax?ref_src=twsrc%5Etfw\">@SSP_GobOax<\/a>. <a href=\"https:\/\/t.co\/4Ie2Dnljdx\">pic.twitter.com\/4Ie2Dnljdx<\/a><\/p>&mdash; Zona Roja Oaxaca (@MexRoja) <a href=\"https:\/\/twitter.com\/MexRoja\/status\/1315066329200766977?ref_src=twsrc%5Etfw\">10 de octubre de 2020<\/a><\/blockquote><\/div>\n<\/div><\/figure>\n\n\n\n<p>\u201cNacemos, vivimos, morimos y renacemos a lo largo de nuestra vida, incluso al interior de este penal, eso es lo que buscamos representar. De ah\u00ed la presencia del colibr\u00ed que de acuerdo con la mitolog\u00eda ser\u00e1 quien nos d\u00e9 el suspiro de la vida eterna, una vez que dejemos el espacio terrenal\u201d, indica el mentor.<\/p>\n\n\n\n<p>El arte se ha convertido en una actividad fundamental al interior del penal, prueba de ello la creaci\u00f3n de la obra \u201cOaxaca, sue\u00f1o de colores\u201d realizada por V\u00edctor M., y que fue ganadora del concurso de la imagen de la Guelaguetza en el 2019; el joven se mantiene recluido en el penal de la Villa de Etla.&nbsp;<\/p>\n\n\n\n<p>As\u00ed mismo, la creaci\u00f3n de la loter\u00eda Canera, que surgi\u00f3 a trav\u00e9s de grabados con la t\u00e9cnica de xilograf\u00eda y que cont\u00f3 incluso con el apoyo del artista Francisco Toledo para su impresi\u00f3n y comercializaci\u00f3n como un juego popular, semejante a las que se usaban antes en ferias populares.&nbsp;<\/p>\n\n\n\n<p>De ah\u00ed que, de acuerdo con el muralista encargado del proyecto, \u00e9ste tuviera una gran participaci\u00f3n en n\u00famero y excelente en calidad al utilizar material completamente acr\u00edlico y t\u00e9cnicas mixtas con brochas, rodillo y aerosol adoptadas por los 15 participantes.&nbsp;<\/p>\n\n\n\n<p>Aunque se trata s\u00f3lo de un mural, debido al excelente resultado, con el apoyo de la Secretar\u00eda de Seguridad P\u00fablica (SSPO) buscar\u00e1n que el proyecto se pueda ampliar para intervenir muchas m\u00e1s paredes al interior del centro penitenciario. \u201cAqu\u00ed hay verdaderos artistas, con gran t\u00e9cnica y capacidad de interpretaci\u00f3n. Ha sido de mis mejores experiencias colaborativas\u201d, se\u00f1ala el muralista.<\/p>\n\n\n\n<figure class=\"wp-block-embed-twitter wp-block-embed is-type-rich is-provider-twitter\"><div class=\"wp-block-embed__wrapper\">\n<div class=\"twitter-tweet\"><blockquote class=\"twitter-tweet\" data-lang=\"es\"><p lang=\"es\" dir=\"ltr\">Adem\u00e1s del taller de artes pl\u00e1sticas que impulsa la <a href=\"https:\/\/twitter.com\/SSP_GobOax?ref_src=twsrc%5Etfw\">@SSP_GobOax<\/a>, el director del reclusorio central ubicado en Santa Mar\u00eda Ixcotel, <a href=\"https:\/\/twitter.com\/hashtag\/Oaxaca?src=hash&amp;ref_src=twsrc%5Etfw\">#Oaxaca<\/a>, inform\u00f3 de las m\u00faltiples actividades que realizan las personas privadas de su libertad, para su debida reinserci\u00f3n social. <a href=\"https:\/\/t.co\/0MJZCaizSx\">pic.twitter.com\/0MJZCaizSx<\/a><\/p>&mdash; Zona Roja Oaxaca (@MexRoja) <a href=\"https:\/\/twitter.com\/MexRoja\/status\/1315105359095357440?ref_src=twsrc%5Etfw\">11 de octubre de 2020<\/a><\/blockquote><\/div>\n<\/div><\/figure>\n\n\n\n<p>Manifiesta que actividades de este tipo contribuyen a cambiar la imagen que se tiene de los penales, imagen no s\u00f3lo f\u00edsica sino de las personas que cumplen una condena, mismas que pueden ser vistas como disciplinadas y con talento a pesar de estar cumpliendo una condena.&nbsp;<\/p>\n\n\n\n<p>Por su parte Jos\u00e9 Antonio Carballo Vega, director del penal, asegura que al interior del lugar se cuentan con varios talleres que conforman el plan de actividades del programa de reinserci\u00f3n social, mismos que incluyen el arte, carpinter\u00eda, repujado y elaboraci\u00f3n de bolsas, este \u00faltimo ya ha conseguido colocar sus piezas a nivel internacional.&nbsp;<\/p>\n\n\n\n<p>Expone que el titular de la SSPO, Ra\u00fal Ernesto Salcedo, y el subsecretario de Reinserci\u00f3n Social, Jacobo Rodr\u00edguez, mantienen un inter\u00e9s particular en impulsar toda clase de actividades que permitan la rehabilitaci\u00f3n integral del individuo privado de su libertad y su retorno productivo a la sociedad.<\/p>\n","protected":false},"excerpt":{"rendered":"<p>Evlin Arag\u00f3n\/Zona Roja. Oaxaca de Ju\u00e1rez, Oax., 10 de octubre de 2020.- La dualidad de&hellip;<\/p>\n","protected":false},"author":2,"featured_media":18652,"comment_status":"closed","ping_status":"open","sticky":false,"template":"","format":"standard","meta":{"_lmt_disableupdate":"","_lmt_disable":"","_jetpack_memberships_contains_paid_content":false,"footnotes":""},"categories":[109,46],"tags":[1733],"class_list":["post-18651","post","type-post","status-publish","format-standard","has-post-thumbnail","hentry","category-minuto-a-minuto","category-zona-blanca","tag-centro-de-reinsercion-social-santa-maria-ixcotel"],"jetpack_featured_media_url":"https:\/\/zonaroja.com.mx\/wp-content\/uploads\/2020\/10\/Mural-reclusorio-de-Ixcotel.jpg","jetpack_sharing_enabled":true,"_links":{"self":[{"href":"https:\/\/zonaroja.com.mx\/index.php?rest_route=\/wp\/v2\/posts\/18651","targetHints":{"allow":["GET"]}}],"collection":[{"href":"https:\/\/zonaroja.com.mx\/index.php?rest_route=\/wp\/v2\/posts"}],"about":[{"href":"https:\/\/zonaroja.com.mx\/index.php?rest_route=\/wp\/v2\/types\/post"}],"author":[{"embeddable":true,"href":"https:\/\/zonaroja.com.mx\/index.php?rest_route=\/wp\/v2\/users\/2"}],"replies":[{"embeddable":true,"href":"https:\/\/zonaroja.com.mx\/index.php?rest_route=%2Fwp%2Fv2%2Fcomments&post=18651"}],"version-history":[{"count":1,"href":"https:\/\/zonaroja.com.mx\/index.php?rest_route=\/wp\/v2\/posts\/18651\/revisions"}],"predecessor-version":[{"id":18653,"href":"https:\/\/zonaroja.com.mx\/index.php?rest_route=\/wp\/v2\/posts\/18651\/revisions\/18653"}],"wp:featuredmedia":[{"embeddable":true,"href":"https:\/\/zonaroja.com.mx\/index.php?rest_route=\/wp\/v2\/media\/18652"}],"wp:attachment":[{"href":"https:\/\/zonaroja.com.mx\/index.php?rest_route=%2Fwp%2Fv2%2Fmedia&parent=18651"}],"wp:term":[{"taxonomy":"category","embeddable":true,"href":"https:\/\/zonaroja.com.mx\/index.php?rest_route=%2Fwp%2Fv2%2Fcategories&post=18651"},{"taxonomy":"post_tag","embeddable":true,"href":"https:\/\/zonaroja.com.mx\/index.php?rest_route=%2Fwp%2Fv2%2Ftags&post=18651"}],"curies":[{"name":"wp","href":"https:\/\/api.w.org\/{rel}","templated":true}]}}