{"id":18654,"date":"2020-10-10T21:08:10","date_gmt":"2020-10-11T02:08:10","guid":{"rendered":"http:\/\/www.zonaroja.com.mx\/?p=18654"},"modified":"2020-10-10T21:08:14","modified_gmt":"2020-10-11T02:08:14","slug":"llaman-a-consejeros-universitarios-a-defender-la-autonomia-de-la-uabjo","status":"publish","type":"post","link":"https:\/\/zonaroja.com.mx\/?p=18654","title":{"rendered":"Llaman a consejeros universitarios a defender la autonom\u00eda de la UABJO"},"content":{"rendered":"\n<p>Yuridiana Sosa\/Zona Roja.<\/p>\n\n\n\n<p>Oaxaca de Ju\u00e1rez, Oax., 10 de octubre de 2020.- La Escuela Preparatoria n\u00famero 5 de la Universidad Aut\u00f3noma \u201cBenito Ju\u00e1rez\u201d de Oaxaca se sum\u00f3 a la defensa de la autonom\u00eda de la m\u00e1xima casa de estudios de la entidad y llam\u00f3 a los consejeros universitarios a cerrar filas por esta causa.<\/p>\n\n\n\n<p>A trav\u00e9s de una carta abierta, las autoridades acad\u00e9micas de esta instituci\u00f3n condenaron el presunto intento de imposici\u00f3n de Gilberto Gamboa Medina, bajo el respaldo del gobierno estatal, a pesar de ser una persona ajena a la vida universitaria.<\/p>\n\n\n\n<p>\u201cEs lamentable que aprovechando el contexto de la pandemia se intente borrar de un plumazo los alcances y avances que hemos construido\u201d, cita el escrito, por el cual se unen al primer llamado que realizaron los ex rectores de la UABJO.<\/p>\n\n\n\n<p>El posicionamiento se\u00f1ala que \u201cla autonom\u00eda universitaria, representa uno de los pilares fundamentales del desarrollo acad\u00e9mico de nuestra m\u00e1xima casa de estudios\u201d.<\/p>\n\n\n\n<p>A\u00f1ade que la autonom\u00eda de las universidades es un derecho establecido en el art\u00edculo tercero de la Constituci\u00f3n Pol\u00edtica de M\u00e9xico, donde describe la capacidad de contar con un autogobierno, una Ley Org\u00e1nica propia que tambi\u00e9n los faculta para elegir a sus autoridades.<\/p>\n\n\n\n<p>Los ex rectores demandan al Poder Ejecutivo de Oaxaca que de ser err\u00f3nea la informaci\u00f3n sobre su participaci\u00f3n en dicha imposici\u00f3n haga un pronunciamiento p\u00fablico para deslindarse de los hechos.<\/p>\n\n\n\n<p>Ello en el contexto de la determinaci\u00f3n de algunos dirigentes sindicales universitarios de respaldar a Gamboa Medina para la rector\u00eda, a pesar de ser funcionario del Gobierno del Estado.<\/p>\n\n\n\n<p>Asimismo, a trav\u00e9s de redes sociales, comunicadores allegados al ex gobernador Jos\u00e9 Murat promueven al actual notario p\u00fablico como sucesor de Eduardo Bautista, pese a su historial de presuntos actos de corrupci\u00f3n, a su paso por el Instituto Estatal de Educaci\u00f3n P\u00fablica de Oaxaca, as\u00ed como su probable sociedad con el ex diputado local Juan Antonio Vera Carrizal.<\/p>\n","protected":false},"excerpt":{"rendered":"<p>Yuridiana Sosa\/Zona Roja. Oaxaca de Ju\u00e1rez, Oax., 10 de octubre de 2020.- La Escuela Preparatoria&hellip;<\/p>\n","protected":false},"author":2,"featured_media":18655,"comment_status":"closed","ping_status":"open","sticky":false,"template":"","format":"standard","meta":{"_lmt_disableupdate":"","_lmt_disable":"","_jetpack_memberships_contains_paid_content":false,"footnotes":""},"categories":[109,47],"tags":[282],"class_list":["post-18654","post","type-post","status-publish","format-standard","has-post-thumbnail","hentry","category-minuto-a-minuto","category-zona-gris","tag-universidad-autonoma-benito-juarez-de-oaxaca"],"jetpack_featured_media_url":"https:\/\/zonaroja.com.mx\/wp-content\/uploads\/2020\/10\/Gilberto-Gamboa-Medina.jpg","jetpack_sharing_enabled":true,"_links":{"self":[{"href":"https:\/\/zonaroja.com.mx\/index.php?rest_route=\/wp\/v2\/posts\/18654","targetHints":{"allow":["GET"]}}],"collection":[{"href":"https:\/\/zonaroja.com.mx\/index.php?rest_route=\/wp\/v2\/posts"}],"about":[{"href":"https:\/\/zonaroja.com.mx\/index.php?rest_route=\/wp\/v2\/types\/post"}],"author":[{"embeddable":true,"href":"https:\/\/zonaroja.com.mx\/index.php?rest_route=\/wp\/v2\/users\/2"}],"replies":[{"embeddable":true,"href":"https:\/\/zonaroja.com.mx\/index.php?rest_route=%2Fwp%2Fv2%2Fcomments&post=18654"}],"version-history":[{"count":1,"href":"https:\/\/zonaroja.com.mx\/index.php?rest_route=\/wp\/v2\/posts\/18654\/revisions"}],"predecessor-version":[{"id":18656,"href":"https:\/\/zonaroja.com.mx\/index.php?rest_route=\/wp\/v2\/posts\/18654\/revisions\/18656"}],"wp:featuredmedia":[{"embeddable":true,"href":"https:\/\/zonaroja.com.mx\/index.php?rest_route=\/wp\/v2\/media\/18655"}],"wp:attachment":[{"href":"https:\/\/zonaroja.com.mx\/index.php?rest_route=%2Fwp%2Fv2%2Fmedia&parent=18654"}],"wp:term":[{"taxonomy":"category","embeddable":true,"href":"https:\/\/zonaroja.com.mx\/index.php?rest_route=%2Fwp%2Fv2%2Fcategories&post=18654"},{"taxonomy":"post_tag","embeddable":true,"href":"https:\/\/zonaroja.com.mx\/index.php?rest_route=%2Fwp%2Fv2%2Ftags&post=18654"}],"curies":[{"name":"wp","href":"https:\/\/api.w.org\/{rel}","templated":true}]}}