{"id":1866,"date":"2019-06-27T08:51:30","date_gmt":"2019-06-27T13:51:30","guid":{"rendered":"http:\/\/www.zonaroja.com.mx\/?p=1866"},"modified":"2019-06-27T08:51:32","modified_gmt":"2019-06-27T13:51:32","slug":"lopez-obrador-visitara-por-cuarta-ocasion-el-estado-de-oaxaca","status":"publish","type":"post","link":"https:\/\/zonaroja.com.mx\/?p=1866","title":{"rendered":"L\u00f3pez Obrador visitar\u00e1 por cuarta ocasi\u00f3n el estado de Oaxaca"},"content":{"rendered":"\n<p>Redacci\u00f3n<\/p>\n\n\n\n<p>Oaxaca de\nJu\u00e1rez, Oax., 27 de junio de 2019.- Por cuarta ocasi\u00f3n, el Presidente de\nM\u00e9xico, Andr\u00e9s Manuel L\u00f3pez Obrador, llegar\u00e1 a Oaxaca.<\/p>\n\n\n\n<p>Con la\nvisita de este viernes y s\u00e1bado, sumar\u00e1n ocho d\u00edas en que desde que tom\u00f3\nposesi\u00f3n del cargo, el 1 de diciembre, ha estado en la entidad y en dos\nocasiones ha pernoctado.<\/p>\n\n\n\n<p>En esta\nocasi\u00f3n ser\u00e1 para supervisar diversos proyectos carreteros, seg\u00fan lo confirmado\npor las autoridades de la Secretar\u00eda de Comunicaciones y Transportes.<\/p>\n\n\n\n<p>De acuerdo\ncon el itinerario, este viernes el mandatario federal visitar\u00e1 las supercarreteras\na la Costa y al Istmo de Tehuantepec, proyectos anunciados desde hace 18 a\u00f1os y\nque por diversas circunstancias no han podido concluirse con en las administraciones\nde Jos\u00e9 Murat Casab, Ulises Ruiz Ortiz y Gabino Cu\u00e9 Monteagudo.<\/p>\n\n\n\n<p>Mientras que\nel s\u00e1bado se trasladara a los municipios de San Juan Evangelista Analco y&nbsp; San Juan Atepec, a fin de supervisar los\navances del Programa de Construcci\u00f3n de Caminos de Accesos a Cabeceras\nMunicipales en Estado de Oaxaca.<\/p>\n\n\n\n<p>CULMINAR\u00c1N\nSUPERCARRETERAS<\/p>\n\n\n\n<p>En d\u00edas\npasados el gobernador del Estado, Alejandro Murat Hinojosa, celebr\u00f3 la visita\ndel mandatario federal a la par que asegur\u00f3 que durante su administraci\u00f3n por\nfin se concluir\u00e1n las v\u00edas en el tramo Barranca Larga-Ventanilla y la de\nMitla-Tehuantepec.<\/p>\n\n\n\n<p>Cabe se\u00f1alar\nque se trata de la cuarta visita que L\u00f3pez Obrador realiza a Oaxaca en los\nprimeros siete meses de su administraci\u00f3n, a diferencia de la escasa presencia\nque tuvo en territorio oaxaque\u00f1o Enrique Pe\u00f1a Nieto, debido a la oposici\u00f3n del\nmagisterio a la Reforma Educativa durante la mayor parte de su gobierno.<\/p>\n\n\n\n<p>OAXACA,\nPRIORIDAD<\/p>\n\n\n\n<p>Apenas tres\nsemanas de haber tomado posesi\u00f3n del cargo, L\u00f3pez Obrador visit\u00f3 por primera\nvez la entidad. El 21 de diciembre estuvo en el Centro de Convenciones para\npresentar el Plan Nacional para el Desarrollo de los Pueblos Ind\u00edgenas.<\/p>\n\n\n\n<p>El d\u00eda 22\nacudi\u00f3 a San Juan Evangelista Analco para poner en marcha el programa de\npavimentaci\u00f3n de caminos rurales y el d\u00eda 23, en Salina Cruz anunci\u00f3 la\nrehabilitaci\u00f3n de la refiner\u00eda.<\/p>\n\n\n\n<p>En su\nsegunda visita, el 21 de marzo estuvo en Guelatao de Ju\u00e1rez, para conmemorar el\nnatalicio de don Benito Ju\u00e1rez Garc\u00eda.<\/p>\n\n\n\n<p>El 27 de\nabril acudi\u00f3 a Mat\u00edas Romero para anunciar acciones del tren trans\u00edstmico y el\n28 en Juchit\u00e1n de Zaragoza para dar a conocer apoyos para la reconstrucci\u00f3n de\nviviendas da\u00f1adas por sismos, as\u00ed como en Salina Cruz para supervisar acciones\nen la refiner\u00eda.<\/p>\n\n\n\n<p>La mayor\u00eda\nde los actos se han caracterizado por abucheos al gobernador Alejandro Murat,\nal grado que la administraci\u00f3n estatal opt\u00f3 en las \u00faltimas dos ocasiones por\nllevar a bur\u00f3cratas a fin de equilibrar las manifestaciones de repudio.<\/p>\n","protected":false},"excerpt":{"rendered":"<p>Redacci\u00f3n Oaxaca de Ju\u00e1rez, Oax., 27 de junio de 2019.- Por cuarta ocasi\u00f3n, el Presidente&hellip;<\/p>\n","protected":false},"author":2,"featured_media":1867,"comment_status":"closed","ping_status":"open","sticky":false,"template":"","format":"standard","meta":{"_lmt_disableupdate":"","_lmt_disable":"","_jetpack_memberships_contains_paid_content":false,"footnotes":""},"categories":[109,46],"tags":[173,243,58],"class_list":["post-1866","post","type-post","status-publish","format-standard","has-post-thumbnail","hentry","category-minuto-a-minuto","category-zona-blanca","tag-alejandro-murat-hinojosa","tag-gira-de-trabajo","tag-oaxaca"],"jetpack_featured_media_url":"https:\/\/zonaroja.com.mx\/wp-content\/uploads\/2019\/06\/IMG_3705.jpg","jetpack_sharing_enabled":true,"_links":{"self":[{"href":"https:\/\/zonaroja.com.mx\/index.php?rest_route=\/wp\/v2\/posts\/1866","targetHints":{"allow":["GET"]}}],"collection":[{"href":"https:\/\/zonaroja.com.mx\/index.php?rest_route=\/wp\/v2\/posts"}],"about":[{"href":"https:\/\/zonaroja.com.mx\/index.php?rest_route=\/wp\/v2\/types\/post"}],"author":[{"embeddable":true,"href":"https:\/\/zonaroja.com.mx\/index.php?rest_route=\/wp\/v2\/users\/2"}],"replies":[{"embeddable":true,"href":"https:\/\/zonaroja.com.mx\/index.php?rest_route=%2Fwp%2Fv2%2Fcomments&post=1866"}],"version-history":[{"count":1,"href":"https:\/\/zonaroja.com.mx\/index.php?rest_route=\/wp\/v2\/posts\/1866\/revisions"}],"predecessor-version":[{"id":1868,"href":"https:\/\/zonaroja.com.mx\/index.php?rest_route=\/wp\/v2\/posts\/1866\/revisions\/1868"}],"wp:featuredmedia":[{"embeddable":true,"href":"https:\/\/zonaroja.com.mx\/index.php?rest_route=\/wp\/v2\/media\/1867"}],"wp:attachment":[{"href":"https:\/\/zonaroja.com.mx\/index.php?rest_route=%2Fwp%2Fv2%2Fmedia&parent=1866"}],"wp:term":[{"taxonomy":"category","embeddable":true,"href":"https:\/\/zonaroja.com.mx\/index.php?rest_route=%2Fwp%2Fv2%2Fcategories&post=1866"},{"taxonomy":"post_tag","embeddable":true,"href":"https:\/\/zonaroja.com.mx\/index.php?rest_route=%2Fwp%2Fv2%2Ftags&post=1866"}],"curies":[{"name":"wp","href":"https:\/\/api.w.org\/{rel}","templated":true}]}}