{"id":18673,"date":"2020-10-11T11:26:44","date_gmt":"2020-10-11T16:26:44","guid":{"rendered":"http:\/\/www.zonaroja.com.mx\/?p=18673"},"modified":"2020-10-11T11:26:48","modified_gmt":"2020-10-11T16:26:48","slug":"en-corredor-transistimo-legisladores-vigilaran-desarrollo-y-respeto-a-comunidades","status":"publish","type":"post","link":"https:\/\/zonaroja.com.mx\/?p=18673","title":{"rendered":"En Corredor Trans\u00edstimo, legisladores vigilar\u00e1n desarrollo y respeto a comunidades"},"content":{"rendered":"\n<p>Yuridiana Sosa\/Zona Roja.<\/p>\n\n\n\n<p>Oaxaca de Ju\u00e1rez, Oax., 11 de octubre de 2020.-&nbsp; En la creaci\u00f3n del Corredor Trans\u00edstmico, los diputados de la 64 Legislatura de Oaxaca son los responsables que se cumpla con el desarrollo de la zona, garantizando los derechos de los pueblos ind\u00edgenas, se\u00f1al\u00f3 el diputado Oth\u00f3n Cuevas C\u00f3rdova.<\/p>\n\n\n\n<p>Como parte de ese compromiso, junto con otros legisladores que integran la Comisi\u00f3n permanente del Corredor Interoce\u00e1nico y Programas de Desarrollo Regional, recorri\u00f3 parte de la regi\u00f3n del Istmo en la que se remplazan las v\u00edas f\u00e9rreas, para constatar la ejecuci\u00f3n de los trabajos y dialogar con las comunidades.<\/p>\n\n\n\n<p>Cuevas C\u00f3rdova indic\u00f3 que el presidente Andr\u00e9s Manuel L\u00f3pez Obrador est\u00e1 cumpliendo con Oaxaca en el compromiso de brindarle el desarrollo que detonar\u00e1 a esta zona del estado, que se convertir\u00e1 en referente el crecimiento econ\u00f3mico para la zona sureste de M\u00e9xico.<\/p>\n\n\n\n<p>Luego de tambi\u00e9n participar en la instalaci\u00f3n de Comisi\u00f3n Intersectorial del Estado de Oaxaca ante el Proyecto del Corredor Interoce\u00e1nico del Istmo de Tehuantepec, el diputado precis\u00f3 que los legisladores coadyuvar\u00e1n con las autoridades federales y estatales para lograr la conclusi\u00f3n del proyecto bajos las mejores condiciones.<\/p>\n\n\n\n<p>\u201cNunca m\u00e1s un mega proyecto sin la participaci\u00f3n de las comunidades, ni a espaldas de la gente que por siglos han vivido en la regi\u00f3n, nuca m\u00e1s un proyecto que da\u00f1e el medio ambiente. Todo ser\u00e1 sin pasar por encima de los derechos de los pueblos ind\u00edgenas\u201d, expres\u00f3.<\/p>\n\n\n\n<p>Reconoci\u00f3 que a\u00fan hace falta m\u00e1s trabajo de sensibilidad pol\u00edtica entre las comunidades, pero continuar\u00e1n los esfuerzos para alcanzar la transformaci\u00f3n de la zona.<\/p>\n\n\n\n<p>El diputado, tambi\u00e9n integrante de la Comisi\u00f3n de Zonas Econ\u00f3micas Especiales del Congreso Local, afirm\u00f3 que L\u00f3pez Obrador sigue en la ruta de ayudar a la entidad en lo social, muestra de eso son los recursos para los caminos rurales y la entrega de programas Bienestar.<\/p>\n","protected":false},"excerpt":{"rendered":"<p>Yuridiana Sosa\/Zona Roja. Oaxaca de Ju\u00e1rez, Oax., 11 de octubre de 2020.-&nbsp; En la creaci\u00f3n&hellip;<\/p>\n","protected":false},"author":2,"featured_media":0,"comment_status":"closed","ping_status":"open","sticky":false,"template":"","format":"standard","meta":{"_lmt_disableupdate":"","_lmt_disable":"","_jetpack_memberships_contains_paid_content":false,"footnotes":""},"categories":[109,46],"tags":[1311],"class_list":["post-18673","post","type-post","status-publish","format-standard","hentry","category-minuto-a-minuto","category-zona-blanca","tag-othon-cuevas-cordova"],"jetpack_featured_media_url":"","jetpack_sharing_enabled":true,"_links":{"self":[{"href":"https:\/\/zonaroja.com.mx\/index.php?rest_route=\/wp\/v2\/posts\/18673","targetHints":{"allow":["GET"]}}],"collection":[{"href":"https:\/\/zonaroja.com.mx\/index.php?rest_route=\/wp\/v2\/posts"}],"about":[{"href":"https:\/\/zonaroja.com.mx\/index.php?rest_route=\/wp\/v2\/types\/post"}],"author":[{"embeddable":true,"href":"https:\/\/zonaroja.com.mx\/index.php?rest_route=\/wp\/v2\/users\/2"}],"replies":[{"embeddable":true,"href":"https:\/\/zonaroja.com.mx\/index.php?rest_route=%2Fwp%2Fv2%2Fcomments&post=18673"}],"version-history":[{"count":1,"href":"https:\/\/zonaroja.com.mx\/index.php?rest_route=\/wp\/v2\/posts\/18673\/revisions"}],"predecessor-version":[{"id":18676,"href":"https:\/\/zonaroja.com.mx\/index.php?rest_route=\/wp\/v2\/posts\/18673\/revisions\/18676"}],"wp:attachment":[{"href":"https:\/\/zonaroja.com.mx\/index.php?rest_route=%2Fwp%2Fv2%2Fmedia&parent=18673"}],"wp:term":[{"taxonomy":"category","embeddable":true,"href":"https:\/\/zonaroja.com.mx\/index.php?rest_route=%2Fwp%2Fv2%2Fcategories&post=18673"},{"taxonomy":"post_tag","embeddable":true,"href":"https:\/\/zonaroja.com.mx\/index.php?rest_route=%2Fwp%2Fv2%2Ftags&post=18673"}],"curies":[{"name":"wp","href":"https:\/\/api.w.org\/{rel}","templated":true}]}}