{"id":18677,"date":"2020-10-11T15:58:22","date_gmt":"2020-10-11T20:58:22","guid":{"rendered":"http:\/\/www.zonaroja.com.mx\/?p=18677"},"modified":"2020-10-11T15:58:25","modified_gmt":"2020-10-11T20:58:25","slug":"habria-paro-laboral-en-universidades-del-pais-si-no-hay-presupuesto-extraordinario","status":"publish","type":"post","link":"https:\/\/zonaroja.com.mx\/?p=18677","title":{"rendered":"Habr\u00eda paro laboral en universidades del pa\u00eds, si no hay presupuesto extraordinario"},"content":{"rendered":"\n<p>Redacci\u00f3n\/Zona Roja Cdmx.<\/p>\n\n\n\n<p>Ciudad de M\u00e9xico, 11 de octubre de 2020.- Al menos 10 universidades de M\u00e9xico enfrentan una crisis de recursos financieros, arrastrada desde hace varios a\u00f1os, ante la escasez presupuestal.<\/p>\n\n\n\n<p>Se trata de la Universidad Aut\u00f3noma de Zacatecas, la de Nayarit, la del Estado de M\u00e9xico, Morelos, Michoac\u00e1n, Tabasco, Chiapas, Sinaloa, Baja California Sur y Oaxaca (UABJO).<\/p>\n\n\n\n<p>Ante la probabilidad de que no les sean otorgados recursos extraordinarios para cerrar el ciclo 2020, informaron que analizan llamar a paro laboral, al advertir que la Federaci\u00f3n les inform\u00f3 que no ten\u00eda m\u00e1s recursos para las instituciones que est\u00e1n en crisis econ\u00f3mica.<\/p>\n\n\n\n<p>A inicios de septiembre, Enrique Levet, secretario general de la Confederaci\u00f3n Nacional de Trabajadores Universitarios (CONTU), afirm\u00f3 que, a diferencia de a\u00f1os anteriores, no se realizar\u00edan huelgas como medida de presi\u00f3n, sino que buscar\u00edan soluciones por la v\u00eda del di\u00e1logo.<\/p>\n\n\n\n<p>Sin embargo, ahora indic\u00f3 que los brazos ca\u00eddos son una posibilidad ante la falta de respuesta de autoridades y coordinaci\u00f3n para resolver este problema.<\/p>\n\n\n\n<p>Se\u00f1al\u00f3 que la Federaci\u00f3n les respondi\u00f3 que no habr\u00e1 recursos extraordinarios para apoyar a estas casas de estudio y que, incluso, ya no tendr\u00e1n para el pago de salarios y prestaciones de las quincenas de octubre, noviembre y diciembre.<\/p>\n\n\n\n<p>\u00abHay alrededor de 10 universidades que est\u00e1n en una situaci\u00f3n de crisis financiera que evidentemente propiciar\u00e1 un conflicto de car\u00e1cter laboral al no pagar salarios y prestaciones, lo cual representar\u00eda una violaci\u00f3n al Contrato Colectivo de Trabajo y los derechos de los trabajadores y esto dar\u00eda pie a una inconformidad generalizada y que la CONTU realice acciones m\u00e1s en\u00e9rgicas para encontrar la soluci\u00f3n a los problemas\u00bb, expuso.<\/p>\n\n\n\n<p>Advirti\u00f3 que de no mejorar los subsidios por parte del gobierno federal, a trav\u00e9s de fondos extraordinarios, para el 2024 ser\u00e1n 35 las universidades que enfrenten la misma situaci\u00f3n de crisis econ\u00f3mica.<\/p>\n\n\n\n<p>Levet refiri\u00f3 que esto ser\u00e1 puesto en la mesa el jueves 15 de octubre, cuando se llevar\u00e1 a cabo una asamblea general de la CONTU de manera virtual, en donde se fijar\u00e1 una estrategia, as\u00ed como las acciones que consideren m\u00e1s convenientes para resolver este problem\u00e1tica.<\/p>\n\n\n\n<p>\u00abNo descarto (el paro) porque la situaci\u00f3n de este a\u00f1o es m\u00e1s complicada que la del a\u00f1o pasado. Hay universidades que tienen problemas serios y no hay una respuesta positiva para la soluci\u00f3n de los problemas de las universidades, entonces esto nos lleva a repensar las estrategias, sobre todo por la pandemia, decidir qu\u00e9 ser\u00eda lo conveniente\u00bb, abund\u00f3.<\/p>\n\n\n\n<p>Indic\u00f3 que el martes pasado tuvieron una reuni\u00f3n con el subsecretario de Educaci\u00f3n Superior, Luciano Concheiro, y les remarc\u00f3 que no hab\u00eda fondos para el rescate.<\/p>\n\n\n\n<p>(Con informaci\u00f3n de \u00abLa Jornada\u00bb)<\/p>\n","protected":false},"excerpt":{"rendered":"<p>Redacci\u00f3n\/Zona Roja Cdmx. Ciudad de M\u00e9xico, 11 de octubre de 2020.- Al menos 10 universidades&hellip;<\/p>\n","protected":false},"author":2,"featured_media":9262,"comment_status":"closed","ping_status":"open","sticky":false,"template":"","format":"standard","meta":{"_lmt_disableupdate":"","_lmt_disable":"","_jetpack_memberships_contains_paid_content":false,"footnotes":""},"categories":[109,47],"tags":[282],"class_list":["post-18677","post","type-post","status-publish","format-standard","has-post-thumbnail","hentry","category-minuto-a-minuto","category-zona-gris","tag-universidad-autonoma-benito-juarez-de-oaxaca"],"jetpack_featured_media_url":"https:\/\/zonaroja.com.mx\/wp-content\/uploads\/2020\/02\/Huelga-UABJO.png","jetpack_sharing_enabled":true,"_links":{"self":[{"href":"https:\/\/zonaroja.com.mx\/index.php?rest_route=\/wp\/v2\/posts\/18677","targetHints":{"allow":["GET"]}}],"collection":[{"href":"https:\/\/zonaroja.com.mx\/index.php?rest_route=\/wp\/v2\/posts"}],"about":[{"href":"https:\/\/zonaroja.com.mx\/index.php?rest_route=\/wp\/v2\/types\/post"}],"author":[{"embeddable":true,"href":"https:\/\/zonaroja.com.mx\/index.php?rest_route=\/wp\/v2\/users\/2"}],"replies":[{"embeddable":true,"href":"https:\/\/zonaroja.com.mx\/index.php?rest_route=%2Fwp%2Fv2%2Fcomments&post=18677"}],"version-history":[{"count":1,"href":"https:\/\/zonaroja.com.mx\/index.php?rest_route=\/wp\/v2\/posts\/18677\/revisions"}],"predecessor-version":[{"id":18678,"href":"https:\/\/zonaroja.com.mx\/index.php?rest_route=\/wp\/v2\/posts\/18677\/revisions\/18678"}],"wp:featuredmedia":[{"embeddable":true,"href":"https:\/\/zonaroja.com.mx\/index.php?rest_route=\/wp\/v2\/media\/9262"}],"wp:attachment":[{"href":"https:\/\/zonaroja.com.mx\/index.php?rest_route=%2Fwp%2Fv2%2Fmedia&parent=18677"}],"wp:term":[{"taxonomy":"category","embeddable":true,"href":"https:\/\/zonaroja.com.mx\/index.php?rest_route=%2Fwp%2Fv2%2Fcategories&post=18677"},{"taxonomy":"post_tag","embeddable":true,"href":"https:\/\/zonaroja.com.mx\/index.php?rest_route=%2Fwp%2Fv2%2Ftags&post=18677"}],"curies":[{"name":"wp","href":"https:\/\/api.w.org\/{rel}","templated":true}]}}