{"id":18679,"date":"2020-10-11T16:32:07","date_gmt":"2020-10-11T21:32:07","guid":{"rendered":"http:\/\/www.zonaroja.com.mx\/?p=18679"},"modified":"2020-10-11T16:32:11","modified_gmt":"2020-10-11T21:32:11","slug":"anuncian-retiro-del-planton-del-zocalo-y-la-alameda-de-leon-de-oaxaca","status":"publish","type":"post","link":"https:\/\/zonaroja.com.mx\/?p=18679","title":{"rendered":"Anuncian retiro del \u201cplant\u00f3n\u201d del z\u00f3calo y la Alameda de Le\u00f3n de Oaxaca"},"content":{"rendered":"\n<p>Redacci\u00f3n\/Zona Roja.<\/p>\n\n\n\n<p>Oaxaca de Ju\u00e1rez, Oax., 11 de octubre de 2020.- La organizaci\u00f3n Frente Popular \u201c14 de Junio\u201d anunci\u00f3 el retiro hoy de los puestos ambulantes ubicados en el z\u00f3calo y la Alameda de Le\u00f3n de la ciudad de Oaxaca, tras aceptar la Fiscal\u00eda General del Estado la revisi\u00f3n de los casos de sus dirigentes acusados de diversos delitos.<\/p>\n\n\n\n<p>En la conferencia de prensa donde se dio a conocer la determinaci\u00f3n, particip\u00f3 Guadalupe D\u00edaz Pantoja, de la Confederaci\u00f3n \u201cLibertad\u201d, quien expuso que fue Jos\u00e9 Manuel Vera Salinas quien incrimin\u00f3 a Francisco Javier Mart\u00ednez Rodr\u00edguez en el delito de homicidio, seg\u00fan le inform\u00f3 \u00e9ste en prisi\u00f3n.<\/p>\n\n\n\n<p>Ilse Curiel Hern\u00e1ndez, esposa de Francisco Javier, ley\u00f3 un documento en que anunci\u00f3 el retiro de los parques p\u00fablicos del Centro Hist\u00f3rico de la capital y dijo que s\u00f3lo quedar\u00e1 una representaci\u00f3n, a fin de estar pendientes del caso, para que la Fiscal\u00eda cumpla con su compromiso.<\/p>\n\n\n\n<p>\u201cHemos tomado la decisi\u00f3n por cuesti\u00f3n de conciencia, ante la pandemia mundial del Covid-19, de tomar como una de nuestras prioridades la salud e integridad f\u00edsica de nuestros militantes.<\/p>\n\n\n\n<p>\u201cNos hemos mantenido en \u2018plant\u00f3n\u2019 en la exigencia que el gobierno federal nombre una comisi\u00f3n observadora y vigilante de todas las carpetas de investigaci\u00f3n de todos los luchadores sociales del estado.<\/p>\n\n\n\n<p>\u201cCese de la criminalizaci\u00f3n de la protesta social; se aclare el atentado a nuestra compa\u00f1era Guadalupe D\u00edaz Pantoja; exigimos la seguridad y las condiciones necesarias para que Oaxaca deje de ser un estado inseguro para los luchadores sociales.<\/p>\n\n\n\n<p>\u201cQueremos dejar muy en claro que jam\u00e1s hemos querido negociar la ley ni hemos hablado de pedir impunidad; nuestra lucha es por tener la oportunidad de que nuestros compa\u00f1eros tengan un juicio justo, sin l\u00ednea pol\u00edtica y conforme a derecho\u201d, manifest\u00f3 en el documento firmado por su esposo.<\/p>\n\n\n\n<p>El Frente Popular pugna tambi\u00e9n por que se deje de perseguir judicialmente a Francisco Mart\u00ednez S\u00e1nchez, conocido como \u201cDon Panchito\u201d.<\/p>\n\n\n\n<figure class=\"wp-block-embed-twitter wp-block-embed is-type-rich is-provider-twitter\"><div class=\"wp-block-embed__wrapper\">\n<div class=\"twitter-tweet\"><blockquote class=\"twitter-tweet\" data-lang=\"es\"><p lang=\"es\" dir=\"ltr\"><a href=\"https:\/\/twitter.com\/hashtag\/ENVIVO?src=hash&amp;ref_src=twsrc%5Etfw\">#ENVIVO<\/a><br>Oaxaca de Ju\u00e1rez, Oax., 11 de octubre de 2020.- Conferencia de prensa del Frente Popular &quot;14 de Junio&quot; y de Guadalupe D\u00edaz Pantoja, dirigente estatal de Confederaci\u00f3n Libertad Oaxaca. Anuncian retiro de su \u201cplant\u00f3n\u201d. <br>Aqu\u00ed la transmisi\u00f3n: <br>\ud83d\udc47<a href=\"https:\/\/t.co\/CQU9eyOMWD\">https:\/\/t.co\/CQU9eyOMWD<\/a> <a href=\"https:\/\/t.co\/ZUlGXYJlIY\">pic.twitter.com\/ZUlGXYJlIY<\/a><\/p>&mdash; Zona Roja Oaxaca (@MexRoja) <a href=\"https:\/\/twitter.com\/MexRoja\/status\/1315372832017141760?ref_src=twsrc%5Etfw\">11 de octubre de 2020<\/a><\/blockquote><\/div>\n<\/div><\/figure>\n\n\n\n<p>El retiro del \u201cplant\u00f3n\u201d ser\u00eda este mismo domingo; desde el pasado 16 de septiembre se comenzaron a instalar y actualmente son alrededor de 122 puestos.<\/p>\n\n\n\n<p>Por su parte, Guadalupe D\u00edaz Pantoja expuso que los tres niveles de gobierno han manifestado disposici\u00f3n y no hay fechas fatales para las soluciones; dijo que se supeditar\u00e1n al curso y lapso de las indagatorias, con la observancia de la Defensor\u00eda de los Derechos Humanos del Pueblo de Oaxaca.<\/p>\n\n\n\n<p>\u201cQue nos ayude (la Fiscal\u00eda) a encontrar, a esclarecer, y ver si los procesos lo ameritan o simplemente son un marcaje personal por parte del Estado\u2026 Si todos los procesos van bien y no vemos l\u00ednea pol\u00edtica, todo se ir\u00e1 de la mejor manera, pero si vemos hostigamiento, obviamente nos movilizaremos de nuevo\u201d, dijo.<\/p>\n\n\n\n<p>A\u00f1adi\u00f3:<\/p>\n\n\n\n<p>\u201cHago responsable, ustedes ya saben que personaje del Secretariado Ejecutivo de Seguridad P\u00fablica del Estado (Jos\u00e9 Manuel Vera Salinas) de cualquier cosa le pasa a nuestros militantes, a nuestras familias, a nosotros\u201d.<\/p>\n\n\n\n<p>Sobre los hechos de los que se inculpa a Francisco Javier, entre ellos homicidio, ocurridos  hace tres a\u00f1os en Santa Mar\u00eda Atzompa, expres\u00f3:<\/p>\n\n\n\n<p>\u201cJos\u00e9 Manuel Vera Salinas le habl\u00f3 a Javier y le pidi\u00f3 que fuera al lugar de los hechos, \u00e9l no pod\u00eda; le dijo: \u2018te voy a colgar a ti ese muerto\u2019, as\u00ed fueron las cosas; \u00e9l no estaba ah\u00ed\u201d, recalc\u00f3, al defender la inocencia de Francisco Javier.<\/p>\n","protected":false},"excerpt":{"rendered":"<p>Redacci\u00f3n\/Zona Roja. Oaxaca de Ju\u00e1rez, Oax., 11 de octubre de 2020.- La organizaci\u00f3n Frente Popular&hellip;<\/p>\n","protected":false},"author":2,"featured_media":18680,"comment_status":"closed","ping_status":"open","sticky":false,"template":"","format":"standard","meta":{"_lmt_disableupdate":"","_lmt_disable":"","_jetpack_memberships_contains_paid_content":false,"footnotes":""},"categories":[109,47],"tags":[2090,2091],"class_list":["post-18679","post","type-post","status-publish","format-standard","has-post-thumbnail","hentry","category-minuto-a-minuto","category-zona-gris","tag-confederacion-libertad-de-trabajadores-de-mexico-cltm","tag-frente-popular-14-de-junio"],"jetpack_featured_media_url":"https:\/\/zonaroja.com.mx\/wp-content\/uploads\/2020\/10\/Conferencia-14-de-Junio-y-Libertad.png","jetpack_sharing_enabled":true,"_links":{"self":[{"href":"https:\/\/zonaroja.com.mx\/index.php?rest_route=\/wp\/v2\/posts\/18679","targetHints":{"allow":["GET"]}}],"collection":[{"href":"https:\/\/zonaroja.com.mx\/index.php?rest_route=\/wp\/v2\/posts"}],"about":[{"href":"https:\/\/zonaroja.com.mx\/index.php?rest_route=\/wp\/v2\/types\/post"}],"author":[{"embeddable":true,"href":"https:\/\/zonaroja.com.mx\/index.php?rest_route=\/wp\/v2\/users\/2"}],"replies":[{"embeddable":true,"href":"https:\/\/zonaroja.com.mx\/index.php?rest_route=%2Fwp%2Fv2%2Fcomments&post=18679"}],"version-history":[{"count":1,"href":"https:\/\/zonaroja.com.mx\/index.php?rest_route=\/wp\/v2\/posts\/18679\/revisions"}],"predecessor-version":[{"id":18681,"href":"https:\/\/zonaroja.com.mx\/index.php?rest_route=\/wp\/v2\/posts\/18679\/revisions\/18681"}],"wp:featuredmedia":[{"embeddable":true,"href":"https:\/\/zonaroja.com.mx\/index.php?rest_route=\/wp\/v2\/media\/18680"}],"wp:attachment":[{"href":"https:\/\/zonaroja.com.mx\/index.php?rest_route=%2Fwp%2Fv2%2Fmedia&parent=18679"}],"wp:term":[{"taxonomy":"category","embeddable":true,"href":"https:\/\/zonaroja.com.mx\/index.php?rest_route=%2Fwp%2Fv2%2Fcategories&post=18679"},{"taxonomy":"post_tag","embeddable":true,"href":"https:\/\/zonaroja.com.mx\/index.php?rest_route=%2Fwp%2Fv2%2Ftags&post=18679"}],"curies":[{"name":"wp","href":"https:\/\/api.w.org\/{rel}","templated":true}]}}