{"id":18684,"date":"2020-10-11T20:07:30","date_gmt":"2020-10-12T01:07:30","guid":{"rendered":"http:\/\/www.zonaroja.com.mx\/?p=18684"},"modified":"2020-10-11T20:07:35","modified_gmt":"2020-10-12T01:07:35","slug":"listo-ruta-cinco-para-la-contienda-electoral-en-oaxaca","status":"publish","type":"post","link":"https:\/\/zonaroja.com.mx\/?p=18684","title":{"rendered":"Listo \u201cRuta Cinco\u201d para la contienda electoral en Oaxaca"},"content":{"rendered":"\n<p>Redacci\u00f3n\/Zona Roja.<\/p>\n\n\n\n<p>Santa Luc\u00eda del Camino, Oax., 11 de octubre de 2020.- Con la presencia del dirigente nacional, Manuel Espino Barrientos, este domingo rindi\u00f3 protesta la estructura territorial de la agrupaci\u00f3n \u201cRuta Cinco\u201d, que se declar\u00f3 lista para la contienda electoral.<\/p>\n\n\n\n<p>El encuentro se efectu\u00f3 en un sal\u00f3n social del municipio de Santa Luc\u00eda del Camino, con las medidas sanitarias correspondientes y la presencia de representaciones de todo el estado.<\/p>\n\n\n\n<p>La bienvenida estuvo a cargo de la dirigente estatal de ese movimiento pol\u00edtico, Macrina Chagoya, quien agradeci\u00f3 la presencia de enviados de los 10 distritos electorales federales y los 25 locales.<\/p>\n\n\n\n<p>\u201cHace cinco a\u00f1os, al inicio de este proyecto en Oaxaca, tocamos muchas puertas, visitamos l\u00edderes, recorrimos pueblos, localidades, distritos, y s\u00ed he de reconocer que no fue un trayecto f\u00e1cil, hab\u00eda momentos en los que sent\u00eda que los ciudadanos no cre\u00edan en un proyecto tan noble\u201d, dijo.<\/p>\n\n\n\n<figure class=\"wp-block-embed-twitter wp-block-embed is-type-rich is-provider-twitter\"><div class=\"wp-block-embed__wrapper\">\n<div class=\"twitter-tweet\"><blockquote class=\"twitter-tweet\" data-lang=\"es\"><p lang=\"es\" dir=\"ltr\">(1) La l\u00edder de \u201cRuta Cinco\u201d, Macrina Chagoya, dio hoy la bienvenida a <a href=\"https:\/\/twitter.com\/hashtag\/Oaxaca?src=hash&amp;ref_src=twsrc%5Etfw\">#Oaxaca<\/a> al dirigente nacional de esa agrupaci\u00f3n civil, Manuel Espino Barriento, en un encuentro efectuado en jurisdicci\u00f3n de Santa Luc\u00eda del Camino, con las medidas de sana distancia. <a href=\"https:\/\/t.co\/h6jKM54HA1\">pic.twitter.com\/h6jKM54HA1<\/a><\/p>&mdash; Zona Roja Oaxaca (@MexRoja) <a href=\"https:\/\/twitter.com\/MexRoja\/status\/1315390775140577280?ref_src=twsrc%5Etfw\">11 de octubre de 2020<\/a><\/blockquote><\/div>\n<\/div><\/figure>\n\n\n\n<p>A\u00f1adi\u00f3 que fue una ardua labor de convencer a un pueblo que ha sido lacerado por diversos pol\u00edticos y gobiernos es una tarea complicada, hacer que esos ciudadanos volvieran a tener esperanzas y a creer.<\/p>\n\n\n\n<p>\u201cNo fue f\u00e1cil y recuerdo muy bien que al inicio de este proyecto querido jefe Manuel, te escuch\u00e9 decir que \u2018Ruta Cinco\u2019 era como dar a luz un hijo\u2026 y s\u00ed hoy puedo decirte que as\u00ed fue, ten\u00edas toda la raz\u00f3n.<\/p>\n\n\n\n<p>\u201cParirlo no fue f\u00e1cil, y he de decirte que poco a poco ese hijo llamado Ruta Cinco empez\u00f3 a crecer, y los ciudadanos, amigos, lideres, autoridades se fueron integrando\u201d, manifest\u00f3 Macrina Chagoya.<\/p>\n\n\n\n<p>A\u00f1adi\u00f3 que participando en la vida pol\u00edtica de M\u00e9xico, se est\u00e1 haciendo un camino pac\u00edfico y civilizado, para lograr la unidad nacional, la justicia y la democracia que requiere este pa\u00eds.<\/p>\n\n\n\n<figure class=\"wp-block-embed-twitter wp-block-embed is-type-rich is-provider-twitter\"><div class=\"wp-block-embed__wrapper\">\n<div class=\"twitter-tweet\"><blockquote class=\"twitter-tweet\" data-lang=\"es\"><p lang=\"es\" dir=\"ltr\">(2) Tras los mensajes de bienvenida, Manuel Espino, dirigente nacional de \u201cRuta Cinco\u201d, tom\u00f3 protesta de ley a las representaciones distritales en Oaxaca, conformados por Macrina Chagoya. <a href=\"https:\/\/t.co\/59okgZw9BF\">pic.twitter.com\/59okgZw9BF<\/a><\/p>&mdash; Zona Roja Oaxaca (@MexRoja) <a href=\"https:\/\/twitter.com\/MexRoja\/status\/1315392149530177538?ref_src=twsrc%5Etfw\">11 de octubre de 2020<\/a><\/blockquote><\/div>\n<\/div><\/figure>\n\n\n\n<p>\u201cHoy puedes ver que ese hijo que naci\u00f3 hace cinco a\u00f1os llamado \u2018Ruta Cinco\u2019, ya aprendi\u00f3 a caminar, me entusiasma; te quiero decir Manuel que para las elecciones venideras le estamos ense\u00f1ando a correr, a este chamaco, para que nada lo detenga\u201d, dijo.<\/p>\n\n\n\n<p>De su lado, Manuel Espino reconoci\u00f3 la trayectoria y trabajo de Macrina Chagoya y expuso que \u201cRuta Cinco\u201d no es un movimiento de alg\u00fan partido pol\u00edtico, sino de todos los ciudadanos.<\/p>\n\n\n\n<p>Que cuenta con candidatos listos para participar en la contienda electoral que se avecina, bajo el partido que sea necesario o de manera independiente, pues cuentan con la estructura territorial suficiente para ganar varios espacios.<\/p>\n","protected":false},"excerpt":{"rendered":"<p>Redacci\u00f3n\/Zona Roja. Santa Luc\u00eda del Camino, Oax., 11 de octubre de 2020.- Con la presencia&hellip;<\/p>\n","protected":false},"author":2,"featured_media":18685,"comment_status":"closed","ping_status":"open","sticky":false,"template":"","format":"standard","meta":{"_lmt_disableupdate":"","_lmt_disable":"","_jetpack_memberships_contains_paid_content":false,"footnotes":""},"categories":[109,46],"tags":[2092,2093,2094],"class_list":["post-18684","post","type-post","status-publish","format-standard","has-post-thumbnail","hentry","category-minuto-a-minuto","category-zona-blanca","tag-ruta-cinco","tag-macrina-chagoya","tag-manuel-espino-barrientos"],"jetpack_featured_media_url":"https:\/\/zonaroja.com.mx\/wp-content\/uploads\/2020\/10\/Ruta-Cinco.png","jetpack_sharing_enabled":true,"_links":{"self":[{"href":"https:\/\/zonaroja.com.mx\/index.php?rest_route=\/wp\/v2\/posts\/18684","targetHints":{"allow":["GET"]}}],"collection":[{"href":"https:\/\/zonaroja.com.mx\/index.php?rest_route=\/wp\/v2\/posts"}],"about":[{"href":"https:\/\/zonaroja.com.mx\/index.php?rest_route=\/wp\/v2\/types\/post"}],"author":[{"embeddable":true,"href":"https:\/\/zonaroja.com.mx\/index.php?rest_route=\/wp\/v2\/users\/2"}],"replies":[{"embeddable":true,"href":"https:\/\/zonaroja.com.mx\/index.php?rest_route=%2Fwp%2Fv2%2Fcomments&post=18684"}],"version-history":[{"count":1,"href":"https:\/\/zonaroja.com.mx\/index.php?rest_route=\/wp\/v2\/posts\/18684\/revisions"}],"predecessor-version":[{"id":18686,"href":"https:\/\/zonaroja.com.mx\/index.php?rest_route=\/wp\/v2\/posts\/18684\/revisions\/18686"}],"wp:featuredmedia":[{"embeddable":true,"href":"https:\/\/zonaroja.com.mx\/index.php?rest_route=\/wp\/v2\/media\/18685"}],"wp:attachment":[{"href":"https:\/\/zonaroja.com.mx\/index.php?rest_route=%2Fwp%2Fv2%2Fmedia&parent=18684"}],"wp:term":[{"taxonomy":"category","embeddable":true,"href":"https:\/\/zonaroja.com.mx\/index.php?rest_route=%2Fwp%2Fv2%2Fcategories&post=18684"},{"taxonomy":"post_tag","embeddable":true,"href":"https:\/\/zonaroja.com.mx\/index.php?rest_route=%2Fwp%2Fv2%2Ftags&post=18684"}],"curies":[{"name":"wp","href":"https:\/\/api.w.org\/{rel}","templated":true}]}}