{"id":18687,"date":"2020-10-12T07:05:38","date_gmt":"2020-10-12T12:05:38","guid":{"rendered":"http:\/\/www.zonaroja.com.mx\/?p=18687"},"modified":"2020-10-12T07:49:22","modified_gmt":"2020-10-12T12:49:22","slug":"gamboa-medina-el-senuelo-de-los-murat-para-aduenarse-de-la-uabjo","status":"publish","type":"post","link":"https:\/\/zonaroja.com.mx\/?p=18687","title":{"rendered":"Gamboa Medina, el se\u00f1uelo de los Murat para adue\u00f1arse de la UABJO"},"content":{"rendered":"\n<p>Ismael Garc\u00eda M.\/Zona Roja.<\/p>\n\n\n\n<p>Oaxaca de Ju\u00e1rez, Oax., 12 de octubre de 2020.- A los partidos pol\u00edticos, pero sobre todo al gobierno, les comen las ansias para apoderarse de la UABJO. Y m\u00e1s a los Murat, que en la semana que termin\u00f3, iniciaron una andanada medi\u00e1tica para adue\u00f1arse de la rector\u00eda, llevando como se\u00f1uelo al multise\u00f1alado Gilberto Gamboa Medina, que no ser\u00e1 finalmente el candidato oficial.<\/p>\n\n\n\n<p>El periodo de cuatro a\u00f1os de Eduardo Bautista Mart\u00ednez feneci\u00f3 oficialmente el 13 de mayo de este a\u00f1o; debido a la pandemia por Covid-19 y tras una sesi\u00f3n virtual, el Consejo Universitario acord\u00f3 dos d\u00edas despu\u00e9s prorrogar el mandato \u201chasta que las condiciones sanitarias permitan la jornada electoral\u201d.<\/p>\n\n\n\n<p>En un comunicado del 18 de mayo, la casa de estudios confirm\u00f3 la determinaci\u00f3n \u201ccon un total de 115 votos a favor, cero en contra y cero abstenciones, y con fundamento en los art\u00edculos 18, 34 y 40 de la Ley Org\u00e1nica vigente en la Universidad\u201d.<\/p>\n\n\n\n<p>Todo marchaba bien, por el confinamiento obligado por la pandemia, hasta la reanudaci\u00f3n del ciclo escolar, de manera virtual, en que los acostumbrados grupos de \u201cporros\u201d exig\u00edan pases autom\u00e1ticos para sus incondicionales, por lo cual iniciaron movilizaciones.<\/p>\n\n\n\n<p>El jueves 24 de septiembre, Bautista Mart\u00ednez hizo unas declaraciones a una radiodifusora local, en que refrend\u00f3 su total disposici\u00f3n \u201cpara que la sucesi\u00f3n rectoral pueda realizarse en la primera oportunidad que las condiciones de salud as\u00ed lo permitan.<\/p>\n\n\n\n<p>\u201cEstoy consciente y con los pies en la tierra que los ciclos terminan y el m\u00edo considero que no puede exceder de este a\u00f1o\u201d, lo que algunos interpretaron como banderazo de arranque para la contienda.<\/p>\n\n\n\n<p>Pero un mes atr\u00e1s &#8211;el 26 de agosto&#8211;, ya con indicaciones oficiales por parte del gobierno, representantes del Sindicato de Trabajadores Acad\u00e9micos de la Universidad de Oaxaca (STAUO) y del Sindicato Universitario de Acad\u00e9micos (SUA) anunciaron una \u201calianza hist\u00f3rica\u201d.<\/p>\n\n\n\n<p>El pretexto fue apoyar reformas, entre ellas al esquema de pensiones, en la UABJO, pero en realidad eran los primeros pasos de Enrique Mart\u00ednez Mart\u00ednez y Silviano Cabrera G\u00f3mez para consolidar un pacto entreguista a los Murat, en espec\u00edfico al ex gobernador.<\/p>\n\n\n\n<p>EL ATAQUE<\/p>\n\n\n\n<p>Fue el pasado jueves en que se dio a conocer un documento, fechado el 4 de octubre, en que Enrique Mart\u00ednez, Silviano Cabrera, Taurino Am\u00edlcar Sosa, Cristian Eder Carre\u00f1o L\u00f3pez, Luis Manuel S\u00e1nchez Navarro y Luis Alberto Hern\u00e1ndez Osorio, finalmente develaron su prop\u00f3sito entreguista.<\/p>\n\n\n\n<p>\u201cLa pandemia complic\u00f3 la elecci\u00f3n de rector de la Universidad; Consideramos que la elecci\u00f3n de rector debe realizarse en un ambiente de tranquilidad; Los dirigentes universitarios debemos ponernos de acuerdo.<\/p>\n\n\n\n<p>\u201cEs necesario mantener con el gobierno federal y con el Gobierno del Estado una relaci\u00f3n cordial y respetuosa. Por lo que manifestamos nuestra voluntad de apoyar al Dr. Gilberto Gamboa Medina para que dirija los destinos de nuestra m\u00e1xima casa de estudios\u201d, expusieron.<\/p>\n\n\n\n<p>Y se soltaron los demonios; primero, para revelar que cada uno de los firmantes habr\u00eda recibido cinco millones de pesos para aceptar la orden de Jos\u00e9 Murat Casab, lo que no han negado ni rechazado.<\/p>\n\n\n\n<p>El rector Eduardo Bautista respondi\u00f3, primero a trav\u00e9s de redes sociales y despu\u00e9s mediante un comunicado.<\/p>\n\n\n\n<p>\u201cEl pensamiento libre en la UABJO es m\u00e1s grande que los intereses mezquinos. Lamento la decisi\u00f3n de algunos l\u00edderes sindicales de pactar la entrega de la Universidad a personas ajenas a la instituci\u00f3n. Mi posici\u00f3n en defensa de la autonom\u00eda universitaria\u201d, poste\u00f3 la noche del 8 de octubre.<\/p>\n\n\n\n<p>Tras ello vino una serie de ataques, presuntamente ordenados desde la oficina de Polanco, donde despacha Jos\u00e9 Murat a\u00fan como dirigente de la Fundaci\u00f3n Colosio del PRI.<\/p>\n\n\n\n<p>Extra\u00f1amente, los \u00fanicos agresores medi\u00e1ticos son los mismos que obedecen \u00f3rdenes del ex gobernador desde ese sexenio.<\/p>\n\n\n\n<p>De manera burda, descontextualizando, se\u00f1alando corrupci\u00f3n a Bautista Mart\u00ednez y atacando a todo aquel se ha pronunciado en defensa de la autonom\u00eda, y distribuyendo informaci\u00f3n desde correos y mensajes de Whatsapp han intentado minar al rector, sin \u00e9xito, con dardos errados.<\/p>\n\n\n\n<p>EL SE\u00d1UELO<\/p>\n\n\n\n<p>Comenzaron tambi\u00e9n a defender, de manera directa y abierta a Gamboa Medina, que no es universitario y s\u00ed cuenta con una oscura trayectoria como fedatario y como funcionario del Gobierno del Estado.<\/p>\n\n\n\n<p>No son se\u00f1alamientos infundados ni an\u00f3nimos hacia el fedatario n\u00famero 66, quien adem\u00e1s consigui\u00f3 notar\u00edas para sus hijas.<\/p>\n\n\n\n<p>Diversos medios informativos han descrito con precisi\u00f3n los probables actos de corrupci\u00f3n de Gamboa Medina, ex oficial mayor del IEEPO y actual funcionario de la Secretar\u00eda de Administraci\u00f3n, donde est\u00e1n por revelarse m\u00e1s irregularidades.<\/p>\n\n\n\n<p>\u201cEl Universal\u201d, uno de los ejemplos, el 2 de agosto de 2018, en que con documentos demostr\u00f3 que sus dos hijas, Gilma e Indira Gamboa Escobar, cobran como docentes normalistas, con ingresos trimestrales de 100 mil pesos.<\/p>\n\n\n\n<p>El mismo \u201cEl Universal\u201d y otros medios como \u201cPrimera L\u00ednea\u201d, de Mar\u00eda de los \u00c1ngeles Niv\u00f3n, se\u00f1alaron en junio de 2017 que Gamboa Medina orden\u00f3 surtir de combustible en la estaci\u00f3n de servicio n\u00famero 12838 de la capital oaxaque\u00f1a, de Servicios Gaseros del Golfo S.A. de C.V., propiedad de Indira Gamboa, hija del funcionario. La lista de se\u00f1alamientos es larga.<\/p>\n\n\n\n<p>En defensa de la autonom\u00eda se han pronunciado legisladores locales, encabezados por Horacio Sosa Villavicencio, as\u00ed como diputados federales. Adem\u00e1s, consejeros universitarios, intelectuales, directores de escuelas y facultades y senadores.<\/p>\n\n\n\n<p>Nombres y firmas existentes, contrarias a las versiones de ataques acusando corrupci\u00f3n en la UABJO, sin dar ning\u00fan dato preciso.<\/p>\n\n\n\n<p>Apenas este 11 de octubre, el propio rector reiter\u00f3: \u201cLa defensa de la autonom\u00eda universitaria no implica ning\u00fan temor a los procesos de fiscalizaci\u00f3n y rendici\u00f3n de cuentas con estricto apego a la ley. La UABJO ha atendido 36 auditor\u00edas y 2 m\u00e1s en curso\u201d.<\/p>\n\n\n\n<p>\u00bfDESPERTAR AL MONSTRUO?<\/p>\n\n\n\n<p>La UABJO tiene una larga historia de lucha, desde su antecedente como Instituto de Ciencias y Artes, en que surgieron hombres ilustres, como don Benito Ju\u00e1rez; apenas la semana pasada conmemor\u00f3 49 a\u00f1os de haber obtenido la autonom\u00eda, que ha costado sangre y vidas.<\/p>\n\n\n\n<p>Basta recordar los episodios de 1977, en que durante el gobierno de Manuel Z\u00e1rate Aquino se desataron las represiones no s\u00f3lo contra los universitarios, sino contra distintos sectores sociales, lo que a la postre deriv\u00f3 en su derrocamiento.<\/p>\n\n\n\n<p>Previo a ello surgi\u00f3 el movimiento de la Federaci\u00f3n Estudiantil Oaxaque\u00f1a (FEO), cuya demanda inicial fue la democratizaci\u00f3n y autonom\u00eda plena universitaria, proceso que comenz\u00f3 a principios de los a\u00f1os 70.<\/p>\n\n\n\n<p>La UABJO, que en aquel entonces era un basti\u00f3n m\u00e1s del poder estatal, era manejada por funcionarios colocados de manera directa por el Gobernador del Estado.<\/p>\n\n\n\n<p>La FEO logr\u00f3 la vinculaci\u00f3n con distintas organizaciones hasta alcanzar un amasijo de resistencia conjunta con la Coalici\u00f3n Obrera Campesina y Estudiantil de Oaxaca (COCEO) en marzo del a\u00f1o 1972.<\/p>\n\n\n\n<p>En este mismo periodo se constituye la Coalici\u00f3n Campesina Estudiantil de Juchit\u00e1n, que inclu\u00eda a obreros, campesinos y estudiantes, y que da lugar a uno de los movimientos populares m\u00e1s importantes del pa\u00eds: la Coalici\u00f3n Obrera, Campesina Estudiantil del Istmo (COCEI).<\/p>\n\n\n\n<p>En el conflicto del 2006, de nueva cuenta los universitarios emergieron ante las arbitrariedades del gobierno priista de Ulises Ruiz Ortiz y muchos de ellos formaron parte de la Asamblea Popular de los Pueblos de Oaxaca (APPO) e incluso Radio Universidad se convirti\u00f3 en un basti\u00f3n de la lucha. El movimiento estuvo a punto de derrocar al entonces gobernador.<\/p>\n\n\n\n<p>\u00bfQu\u00e9 sigue? Jos\u00e9 y Alejandro Murat continuar\u00e1n empujando para apoderarse de la Universidad, tanto pol\u00edtica como materialmente (es decir, inmuebles), pero Gamboa Medina s\u00f3lo es un pati\u00f1o, que se prest\u00f3 al juego.<\/p>\n\n\n\n<p>El notario no es la carta principal, sino se\u00f1uelo para medir terreno y preparar una embestida m\u00e1s fuerte, que encabezar\u00e1n los abajo firmantes del desplegado con fecha 4 de octubre.<\/p>\n\n\n\n<p>Pero, \u00bfle apuesta el gobierno a su empecinamiento?, \u00bfquiere ganar arrebatando? O de plano no ha aprendido de los conflictos sociales de los 70 y de 2006 y le juega a la violencia\u2026 en la que lleva las de perder.<\/p>\n","protected":false},"excerpt":{"rendered":"<p>Ismael Garc\u00eda M.\/Zona Roja. Oaxaca de Ju\u00e1rez, Oax., 12 de octubre de 2020.- A los&hellip;<\/p>\n","protected":false},"author":2,"featured_media":7610,"comment_status":"closed","ping_status":"open","sticky":false,"template":"","format":"standard","meta":{"_lmt_disableupdate":"","_lmt_disable":"","_jetpack_memberships_contains_paid_content":false,"footnotes":""},"categories":[456,109,48],"tags":[1353],"class_list":["post-18687","post","type-post","status-publish","format-standard","has-post-thumbnail","hentry","category-columna","category-minuto-a-minuto","category-zona-critica","tag-opinion-zona-critica"],"jetpack_featured_media_url":"https:\/\/zonaroja.com.mx\/wp-content\/uploads\/2020\/01\/Opini\u00f3n-Zona-Cr\u00edtica.jpg","jetpack_sharing_enabled":true,"_links":{"self":[{"href":"https:\/\/zonaroja.com.mx\/index.php?rest_route=\/wp\/v2\/posts\/18687","targetHints":{"allow":["GET"]}}],"collection":[{"href":"https:\/\/zonaroja.com.mx\/index.php?rest_route=\/wp\/v2\/posts"}],"about":[{"href":"https:\/\/zonaroja.com.mx\/index.php?rest_route=\/wp\/v2\/types\/post"}],"author":[{"embeddable":true,"href":"https:\/\/zonaroja.com.mx\/index.php?rest_route=\/wp\/v2\/users\/2"}],"replies":[{"embeddable":true,"href":"https:\/\/zonaroja.com.mx\/index.php?rest_route=%2Fwp%2Fv2%2Fcomments&post=18687"}],"version-history":[{"count":2,"href":"https:\/\/zonaroja.com.mx\/index.php?rest_route=\/wp\/v2\/posts\/18687\/revisions"}],"predecessor-version":[{"id":18698,"href":"https:\/\/zonaroja.com.mx\/index.php?rest_route=\/wp\/v2\/posts\/18687\/revisions\/18698"}],"wp:featuredmedia":[{"embeddable":true,"href":"https:\/\/zonaroja.com.mx\/index.php?rest_route=\/wp\/v2\/media\/7610"}],"wp:attachment":[{"href":"https:\/\/zonaroja.com.mx\/index.php?rest_route=%2Fwp%2Fv2%2Fmedia&parent=18687"}],"wp:term":[{"taxonomy":"category","embeddable":true,"href":"https:\/\/zonaroja.com.mx\/index.php?rest_route=%2Fwp%2Fv2%2Fcategories&post=18687"},{"taxonomy":"post_tag","embeddable":true,"href":"https:\/\/zonaroja.com.mx\/index.php?rest_route=%2Fwp%2Fv2%2Ftags&post=18687"}],"curies":[{"name":"wp","href":"https:\/\/api.w.org\/{rel}","templated":true}]}}