{"id":18689,"date":"2020-10-11T22:14:04","date_gmt":"2020-10-12T03:14:04","guid":{"rendered":"http:\/\/www.zonaroja.com.mx\/?p=18689"},"modified":"2020-10-11T22:14:08","modified_gmt":"2020-10-12T03:14:08","slug":"ambientalistas-denuncian-agresion-por-parte-de-invasores-del-cerro-del-creston","status":"publish","type":"post","link":"https:\/\/zonaroja.com.mx\/?p=18689","title":{"rendered":"Ambientalistas denuncian agresi\u00f3n por parte de invasores del cerro del \u201cCrest\u00f3n\u201d"},"content":{"rendered":"\n<p>Redacci\u00f3n\/Estado 20.<\/p>\n\n\n\n<p>Oaxaca de Ju\u00e1rez, Oax., 11 de octubre de 2020.- Un grupo de activistas, entre ellos, artistas pl\u00e1sticos e integrantes del Colectivo de Organizaciones Ambientalistas de Oaxaca (COAO), denunciaron que interpondr\u00e1n una denuncian penal por las agresiones f\u00edsicas de las que fueron v\u00edctimas este d\u00eda, por un grupo de particulares, \u201cinvasores\u201d del cerro del \u201cCrest\u00f3n\u201d.<\/p>\n\n\n\n<p>En rueda de prensa, los activistas, explicaron que los hechos ocurrieron la ma\u00f1ana de este domingo cuando recorr\u00edan una parte del \u00e1rea protegida de este cerro de la capital oaxaque\u00f1a, sitio que ha sido invadido por personas de origen extranjero, aseguraron.<\/p>\n\n\n\n<p>Relataron que cuando recorr\u00edan este predio en inmediaciones de las antenas, cerca de una construcci\u00f3n, fueron sorprendidos por un grupo de personas que salieron de manera prepotente y violenta a enfrentarlos para advertirles que estaban en propiedad privada y que nadie pod\u00eda entrar.<\/p>\n\n\n\n<figure class=\"wp-block-embed-twitter wp-block-embed is-type-rich is-provider-twitter\"><div class=\"wp-block-embed__wrapper\">\n<div class=\"twitter-tweet\"><blockquote class=\"twitter-tweet\" data-lang=\"es\"><p lang=\"es\" dir=\"ltr\"><a href=\"https:\/\/twitter.com\/hashtag\/OaxacaGris?src=hash&amp;ref_src=twsrc%5Etfw\">#OaxacaGris<\/a><br>(A) Integrantes de organismos civiles acudieron la ma\u00f1ana de hoy al cerro del \u201cCrest\u00f3n\u201d, para revisar la delimitaci\u00f3n del \u00e1rea natural protegida, que el ayuntamiento de Oaxaca de Ju\u00e1rez pretende vender. <a href=\"https:\/\/t.co\/c8uBi9frYf\">pic.twitter.com\/c8uBi9frYf<\/a><\/p>&mdash; Zona Roja Oaxaca (@MexRoja) <a href=\"https:\/\/twitter.com\/MexRoja\/status\/1315417855878340608?ref_src=twsrc%5Etfw\">11 de octubre de 2020<\/a><\/blockquote><\/div>\n<\/div><\/figure>\n\n\n\n<p>La anterior situaci\u00f3n, ocurre pese a existir un decreto, dijeron de 1992 que establece que el cerro del \u201cCrest\u00f3n\u201d es un \u00e1rea natural protegida y nadie puede vender, comprar mucho construir en este lugar propiedad de los oaxaque\u00f1os.<\/p>\n\n\n\n<p>El artista pl\u00e1stico, Arnoldo D\u00e1maso, una de las personas golpeadas por parte de este grupo de particulares, denunci\u00f3 tambi\u00e9n que a su vez le destruyeron su tel\u00e9fono celular para que no se tuviera evidencia del acto, por lo que responsabiliz\u00f3 al gobierno de Oaxaca de esta agresi\u00f3n, por la omisi\u00f3n y pasividad que ha mostrado para hacer valer el decreto de este espacio natural.<\/p>\n\n\n\n<figure class=\"wp-block-embed-twitter wp-block-embed is-type-rich is-provider-twitter\"><div class=\"wp-block-embed__wrapper\">\n<div class=\"twitter-tweet\"><blockquote class=\"twitter-tweet\" data-lang=\"es\"><p lang=\"es\" dir=\"ltr\">(B) Sin embargo, los activistas ambientalistas fueron agredidos por vecinos de la zona, algunos de ellos extranjeros, presuntamente enviados por el titular de la <a href=\"https:\/\/twitter.com\/SEMAEDESO?ref_src=twsrc%5Etfw\">@SEMAEDESO<\/a>, <a href=\"https:\/\/twitter.com\/samygurrion?ref_src=twsrc%5Etfw\">@samygurrion<\/a>. <a href=\"https:\/\/t.co\/ffKxxsnQi8\">pic.twitter.com\/ffKxxsnQi8<\/a><\/p>&mdash; Zona Roja Oaxaca (@MexRoja) <a href=\"https:\/\/twitter.com\/MexRoja\/status\/1315419765830164481?ref_src=twsrc%5Etfw\">11 de octubre de 2020<\/a><\/blockquote><\/div>\n<\/div><\/figure>\n\n\n\n<p>Por lo anterior, aseguraron interpondr\u00e1n una demanda penal y al mismo tiempo solicitar\u00e1n a la Defensor\u00eda de los Derechos Humanos del Pueblo de Oaxaca (DDHPO) les brinde medidas cautelares ante el riesgo que corren por las amenazas de muerte que estos les hicieron, aseguraron.<\/p>\n\n\n\n<p>Exigieron que las autoridades act\u00faen de forma urgente para evitar la invasi\u00f3n de este predio que en setiembre pasado pretendieron venderlo.<\/p>\n\n\n\n<figure class=\"wp-block-embed-twitter wp-block-embed is-type-rich is-provider-twitter\"><div class=\"wp-block-embed__wrapper\">\n<div class=\"twitter-tweet\"><blockquote class=\"twitter-tweet\" data-lang=\"es\"><p lang=\"es\" dir=\"ltr\">(C) El ataque lo denunciaron los activistas en conferencia de prensa efectuada en el z\u00f3calo de la ciudad de Oaxaca, en que pidieron al Gobierno del Estado garant\u00edas para los defensores ambientales. <a href=\"https:\/\/t.co\/B0gYW45YUQ\">pic.twitter.com\/B0gYW45YUQ<\/a><\/p>&mdash; Zona Roja Oaxaca (@MexRoja) <a href=\"https:\/\/twitter.com\/MexRoja\/status\/1315425416149192704?ref_src=twsrc%5Etfw\">11 de octubre de 2020<\/a><\/blockquote><\/div>\n<\/div><\/figure>\n","protected":false},"excerpt":{"rendered":"<p>Redacci\u00f3n\/Estado 20. Oaxaca de Ju\u00e1rez, Oax., 11 de octubre de 2020.- Un grupo de activistas,&hellip;<\/p>\n","protected":false},"author":2,"featured_media":18690,"comment_status":"closed","ping_status":"open","sticky":false,"template":"","format":"standard","meta":{"_lmt_disableupdate":"","_lmt_disable":"","_jetpack_memberships_contains_paid_content":false,"footnotes":""},"categories":[109,47],"tags":[1996],"class_list":["post-18689","post","type-post","status-publish","format-standard","has-post-thumbnail","hentry","category-minuto-a-minuto","category-zona-gris","tag-colectivo-de-organizaciones-ambientalistas-del-estado-de-oaxaca"],"jetpack_featured_media_url":"https:\/\/zonaroja.com.mx\/wp-content\/uploads\/2020\/10\/Agresion-ambientalistas-Oaxaca.jpg","jetpack_sharing_enabled":true,"_links":{"self":[{"href":"https:\/\/zonaroja.com.mx\/index.php?rest_route=\/wp\/v2\/posts\/18689","targetHints":{"allow":["GET"]}}],"collection":[{"href":"https:\/\/zonaroja.com.mx\/index.php?rest_route=\/wp\/v2\/posts"}],"about":[{"href":"https:\/\/zonaroja.com.mx\/index.php?rest_route=\/wp\/v2\/types\/post"}],"author":[{"embeddable":true,"href":"https:\/\/zonaroja.com.mx\/index.php?rest_route=\/wp\/v2\/users\/2"}],"replies":[{"embeddable":true,"href":"https:\/\/zonaroja.com.mx\/index.php?rest_route=%2Fwp%2Fv2%2Fcomments&post=18689"}],"version-history":[{"count":1,"href":"https:\/\/zonaroja.com.mx\/index.php?rest_route=\/wp\/v2\/posts\/18689\/revisions"}],"predecessor-version":[{"id":18691,"href":"https:\/\/zonaroja.com.mx\/index.php?rest_route=\/wp\/v2\/posts\/18689\/revisions\/18691"}],"wp:featuredmedia":[{"embeddable":true,"href":"https:\/\/zonaroja.com.mx\/index.php?rest_route=\/wp\/v2\/media\/18690"}],"wp:attachment":[{"href":"https:\/\/zonaroja.com.mx\/index.php?rest_route=%2Fwp%2Fv2%2Fmedia&parent=18689"}],"wp:term":[{"taxonomy":"category","embeddable":true,"href":"https:\/\/zonaroja.com.mx\/index.php?rest_route=%2Fwp%2Fv2%2Fcategories&post=18689"},{"taxonomy":"post_tag","embeddable":true,"href":"https:\/\/zonaroja.com.mx\/index.php?rest_route=%2Fwp%2Fv2%2Ftags&post=18689"}],"curies":[{"name":"wp","href":"https:\/\/api.w.org\/{rel}","templated":true}]}}