{"id":18692,"date":"2020-10-11T22:23:08","date_gmt":"2020-10-12T03:23:08","guid":{"rendered":"http:\/\/www.zonaroja.com.mx\/?p=18692"},"modified":"2020-10-11T22:23:17","modified_gmt":"2020-10-12T03:23:17","slug":"cierra-semana-con-55-positivos-a-covid-y-3-decesos-manana-semaforo-naranja","status":"publish","type":"post","link":"https:\/\/zonaroja.com.mx\/?p=18692","title":{"rendered":"Cierra semana con 55 positivos a Covid y 3 decesos; ma\u00f1ana, sem\u00e1foro naranja"},"content":{"rendered":"\n<p>Redacci\u00f3n\/Zona Roja.<\/p>\n\n\n\n<p>Oaxaca de Ju\u00e1rez, Oax., 11 de octubre de 2020.- El titular de los Servicios de Salud de Oaxaca (SSO), Donato Casas Escamilla, inform\u00f3 que de acuerdo con el comunicado t\u00e9cnico diario de este 11 de octubre, se han registrado 55 casos nuevos en las \u00faltimas 24 horas, que suman 18 mil 903 acumulados en toda la entidad.<\/p>\n\n\n\n<p>En un bolet\u00edn de prensa, agreg\u00f3 que se han notificado 30 mil 268 casos de los cuales ocho mil 176 han sido negativos, tres mil 189 son sospechosos; hay 16 mil 512 recuperados, y tres decesos que suman mil 511.<\/p>\n\n\n\n<p>La Jurisdicci\u00f3n Sanitaria n\u00famero uno Valles Centrales contabiliza 12 mil 579 casos confirmados y 742 defunciones, Istmo mil 818 y 282 fallecimientos, Tuxtepec mil 795 y 245 defunciones, Mixteca mil 323 y 116 fallecimientos, Costa 921 y 79 defunciones, y la Sierra 467 y 47 fallecimientos.<\/p>\n\n\n\n<p>Casas Escamilla dijo que de los 55 casos nuevos, estos se distribuyen en 28 municipios, siendo los que mayor n\u00famero de casos presentan el d\u00eda de hoy: Oaxaca de Ju\u00e1rez con 21, Huajuapan de Le\u00f3n tres, Santa Cruz Xoxocotl\u00e1n, Santo Domingo Tehuantepec, Tlaxiaco, Asunci\u00f3n Nochixtl\u00e1n y San Jer\u00f3nimo Tlacochahuaya dos cada uno y el resto un solo caso.<\/p>\n\n\n\n<p>De los 841 casos activos, la Jurisdicci\u00f3n Sanitaria n\u00famero uno Valles Centrales presenta 623, Mixteca 86, Costa 50, Sierra 35, Istmo 28 y Tuxtepec 19.<\/p>\n\n\n\n<figure class=\"wp-block-embed-twitter wp-block-embed is-type-rich is-provider-twitter\"><div class=\"wp-block-embed__wrapper\">\n<div class=\"twitter-tweet\"><blockquote class=\"twitter-tweet\" data-lang=\"es\"><p lang=\"es\" dir=\"ltr\">Manteniendo las medidas preventivas contra el <a href=\"https:\/\/twitter.com\/hashtag\/COVID19?src=hash&amp;ref_src=twsrc%5Etfw\">#COVID19<\/a>, como el uso de <a href=\"https:\/\/twitter.com\/hashtag\/Cubrebocas?src=hash&amp;ref_src=twsrc%5Etfw\">#Cubrebocas<\/a>, una <a href=\"https:\/\/twitter.com\/hashtag\/SanaDistancia?src=hash&amp;ref_src=twsrc%5Etfw\">#SanaDistancia<\/a> y el lavado frecuente de manos, podemos romper la cadena de contagios, <a href=\"https:\/\/twitter.com\/hashtag\/NoBajemosLaGuardia?src=hash&amp;ref_src=twsrc%5Etfw\">#NoBajemosLaGuardia<\/a>. <a href=\"https:\/\/t.co\/IYiPcMTIEt\">pic.twitter.com\/IYiPcMTIEt<\/a><\/p>&mdash; Servicios de Salud (@SSO_GobOax) <a href=\"https:\/\/twitter.com\/SSO_GobOax\/status\/1315473430452469761?ref_src=twsrc%5Etfw\">12 de octubre de 2020<\/a><\/blockquote><\/div>\n<\/div><\/figure>\n\n\n\n<p>Del porcentaje de ocupaci\u00f3n hospitalaria, el d\u00eda de hoy se presenta un 40.5% global de las cuales un 46.4 es sin ventilador y un 28.4% con ventilador.<\/p>\n\n\n\n<p>Puntualiz\u00f3 que debemos seguir con las medidas de mitigaci\u00f3n, ante el sem\u00e1foro de riesgo epidemiol\u00f3gico de color naranja por el COVID-19 que arranca este lunes, es importante no olvidar que la mejor manera de frenar su avance y evitar da\u00f1os irreparables en las familias es la prevenci\u00f3n, adem\u00e1s del uso correcto del cubrebocas, mantener sana distancia, lavado de manos frecuente, y evitar aglomeraciones en espacios comunes.<\/p>\n\n\n\n<p>MEDIDAS PREVENTIVAS<\/p>\n\n\n\n<p>\u201cAl acudir a lugares cerrados, es primordial que respetemos el aforo permitido y evitamos riesgos a nuestra salud y de nuestras familias, dentro de los espacios con el 75% de ocupaci\u00f3n permitida se encuentran los mercados y supermercados, a los cuales se recomienda que acuda una persona por familia\u201d, apunt\u00f3.<\/p>\n\n\n\n<figure class=\"wp-block-embed-twitter wp-block-embed is-type-rich is-provider-twitter\"><div class=\"wp-block-embed__wrapper\">\n<div class=\"twitter-tweet\"><blockquote class=\"twitter-tweet\" data-lang=\"es\"><p lang=\"es\" dir=\"ltr\"><a href=\"https:\/\/twitter.com\/hashtag\/%C3%9AltimoMinuto?src=hash&amp;ref_src=twsrc%5Etfw\">#\u00daltimoMinuto<\/a> <br>Esta noche, el titular de los <a href=\"https:\/\/twitter.com\/SSO_GobOax?ref_src=twsrc%5Etfw\">@SSO_GobOax<\/a>, <a href=\"https:\/\/twitter.com\/Donato_Casas?ref_src=twsrc%5Etfw\">@Donato_Casas<\/a>, reiter\u00f3 que a partir de ma\u00f1ana, <a href=\"https:\/\/twitter.com\/hashtag\/Oaxaca?src=hash&amp;ref_src=twsrc%5Etfw\">#Oaxaca<\/a> vuelve al sem\u00e1foro epidemiol\u00f3gico naranja. Aqu\u00ed los detalles de las medidas a observar en sitios p\u00fablicos: <a href=\"https:\/\/t.co\/KWcUb0EoeV\">pic.twitter.com\/KWcUb0EoeV<\/a><\/p>&mdash; Zona Roja Oaxaca (@MexRoja) <a href=\"https:\/\/twitter.com\/MexRoja\/status\/1315446160094494721?ref_src=twsrc%5Etfw\">12 de octubre de 2020<\/a><\/blockquote><\/div>\n<\/div><\/figure>\n\n\n\n<p>En cuanto a los parques, plazas, espacios p\u00fablicos, gimnasios, centros deportivos, peluquer\u00edas, est\u00e9ticas y centros de masaje, pueden funcionar a un 50%, mientras que restaurantes y cafeter\u00edas a un 40%.<\/p>\n\n\n\n<p>Los cines teatros, museos, centros comerciales y religiosos deben respetar un aforo del 25% de su capacidad, los hoteles un 20%, mientras los centros nocturnos, bares y eventos masivos deben permanecer suspendidos.<\/p>\n\n\n\n<p>Finalmente, Casas Escamilla dijo que \u201cen la medida que cumplamos estas recomendaciones cuidamos la salud de todas y todos, la vida de quienes presentan alguna condici\u00f3n de riesgo, pero sobre todo contribuimos a construir un Oaxaca seguro y saludable para nuestras familias, el cuidado de la salud es una tarea compartida, ay\u00fadanos a cuidarte\u201d.<\/p>\n","protected":false},"excerpt":{"rendered":"<p>Redacci\u00f3n\/Zona Roja. Oaxaca de Ju\u00e1rez, Oax., 11 de octubre de 2020.- El titular de los&hellip;<\/p>\n","protected":false},"author":2,"featured_media":18693,"comment_status":"closed","ping_status":"open","sticky":false,"template":"","format":"standard","meta":{"_lmt_disableupdate":"","_lmt_disable":"","_jetpack_memberships_contains_paid_content":false,"footnotes":""},"categories":[109,47],"tags":[1512],"class_list":["post-18692","post","type-post","status-publish","format-standard","has-post-thumbnail","hentry","category-minuto-a-minuto","category-zona-gris","tag-coronavirus-oaxaca"],"jetpack_featured_media_url":"https:\/\/zonaroja.com.mx\/wp-content\/uploads\/2020\/10\/GRAFICA-01.jpeg","jetpack_sharing_enabled":true,"_links":{"self":[{"href":"https:\/\/zonaroja.com.mx\/index.php?rest_route=\/wp\/v2\/posts\/18692","targetHints":{"allow":["GET"]}}],"collection":[{"href":"https:\/\/zonaroja.com.mx\/index.php?rest_route=\/wp\/v2\/posts"}],"about":[{"href":"https:\/\/zonaroja.com.mx\/index.php?rest_route=\/wp\/v2\/types\/post"}],"author":[{"embeddable":true,"href":"https:\/\/zonaroja.com.mx\/index.php?rest_route=\/wp\/v2\/users\/2"}],"replies":[{"embeddable":true,"href":"https:\/\/zonaroja.com.mx\/index.php?rest_route=%2Fwp%2Fv2%2Fcomments&post=18692"}],"version-history":[{"count":1,"href":"https:\/\/zonaroja.com.mx\/index.php?rest_route=\/wp\/v2\/posts\/18692\/revisions"}],"predecessor-version":[{"id":18694,"href":"https:\/\/zonaroja.com.mx\/index.php?rest_route=\/wp\/v2\/posts\/18692\/revisions\/18694"}],"wp:featuredmedia":[{"embeddable":true,"href":"https:\/\/zonaroja.com.mx\/index.php?rest_route=\/wp\/v2\/media\/18693"}],"wp:attachment":[{"href":"https:\/\/zonaroja.com.mx\/index.php?rest_route=%2Fwp%2Fv2%2Fmedia&parent=18692"}],"wp:term":[{"taxonomy":"category","embeddable":true,"href":"https:\/\/zonaroja.com.mx\/index.php?rest_route=%2Fwp%2Fv2%2Fcategories&post=18692"},{"taxonomy":"post_tag","embeddable":true,"href":"https:\/\/zonaroja.com.mx\/index.php?rest_route=%2Fwp%2Fv2%2Ftags&post=18692"}],"curies":[{"name":"wp","href":"https:\/\/api.w.org\/{rel}","templated":true}]}}