{"id":18695,"date":"2020-10-12T07:38:03","date_gmt":"2020-10-12T12:38:03","guid":{"rendered":"http:\/\/www.zonaroja.com.mx\/?p=18695"},"modified":"2020-10-12T07:38:07","modified_gmt":"2020-10-12T12:38:07","slug":"registra-oaxaca-cuatro-homicidios-en-fin-de-semana-dos-por-lio-agrario","status":"publish","type":"post","link":"https:\/\/zonaroja.com.mx\/?p=18695","title":{"rendered":"Registra Oaxaca cuatro homicidios en fin de semana; dos por l\u00edo agrario"},"content":{"rendered":"\n<p>Redacci\u00f3n\/Zona Roja. Foto: Ilustraci\u00f3n<\/p>\n\n\n\n<p>Oaxaca de Ju\u00e1rez, Oax., 12 de octubre de 2020.- Al menos cuatro personas perdieron la vida de forma violenta este fin de semana en Oaxaca, dos de ellas por la reactivaci\u00f3n de un conflicto agrario en la regi\u00f3n Mixteca.<\/p>\n\n\n\n<p>Este domingo, pobladores de la agencia Morelos de Santa Catarina Yosonotu fueron agredidos presuntamente por sus vecinos de Santa Luc\u00eda Monteverde, como parte de la a\u00f1eja disputa de tierras.<\/p>\n\n\n\n<p>El saldo fue de dos personas fallecidas por disparos de armas de fuego, una de ellas identificada como Tom\u00e1s Garc\u00eda Alavez, de aproximadamente 70 a\u00f1os de edad, quien adem\u00e1s era agente municipal, y el otro Adri\u00e1n Garc\u00eda Morales, de 46 a\u00f1os.<\/p>\n\n\n\n<p>Mientras tanto, a un costado de la carretera federal 131, Oaxaca-Puerto Escondido, en jurisdicci\u00f3n del municipio de Villa Sola de Vega, ayer por la ma\u00f1ana fue hallado el cuerpo de un individuo, que presenta disparos de armas de fuego.<\/p>\n\n\n\n<p>Fue identificado horas m\u00e1s tarde como Elpidio Leopoldo P., de aproximadamente 60 a\u00f1os de edad, originario de San Jacinto Tlacotepec, en la regi\u00f3n Sierra Sur.<\/p>\n\n\n\n<p>A su vez, la noche del s\u00e1bado fue localizado el cad\u00e1ver de O. T., de 30 a\u00f1os de edad, quien fue asesinado a balazos en San Pedro Atoyac, municipio de la regi\u00f3n Costa del estado.<\/p>\n\n\n\n<p>El mismo s\u00e1bado por la noche, otro individuo fue baleado en Atoyac, quien fue trasladado a un hospital de Pinotepa Nacional; fue identificado \u00fanicamente como R. J. M.<\/p>\n","protected":false},"excerpt":{"rendered":"<p>Redacci\u00f3n\/Zona Roja. Foto: Ilustraci\u00f3n Oaxaca de Ju\u00e1rez, Oax., 12 de octubre de 2020.- Al menos&hellip;<\/p>\n","protected":false},"author":2,"featured_media":18320,"comment_status":"closed","ping_status":"open","sticky":false,"template":"","format":"standard","meta":{"_lmt_disableupdate":"","_lmt_disable":"","_jetpack_memberships_contains_paid_content":false,"footnotes":""},"categories":[109,51],"tags":[664],"class_list":["post-18695","post","type-post","status-publish","format-standard","has-post-thumbnail","hentry","category-minuto-a-minuto","category-zona-roja","tag-homicidios-oaxaca"],"jetpack_featured_media_url":"https:\/\/zonaroja.com.mx\/wp-content\/uploads\/2020\/10\/Escena-del-crimen2.jpg","jetpack_sharing_enabled":true,"_links":{"self":[{"href":"https:\/\/zonaroja.com.mx\/index.php?rest_route=\/wp\/v2\/posts\/18695","targetHints":{"allow":["GET"]}}],"collection":[{"href":"https:\/\/zonaroja.com.mx\/index.php?rest_route=\/wp\/v2\/posts"}],"about":[{"href":"https:\/\/zonaroja.com.mx\/index.php?rest_route=\/wp\/v2\/types\/post"}],"author":[{"embeddable":true,"href":"https:\/\/zonaroja.com.mx\/index.php?rest_route=\/wp\/v2\/users\/2"}],"replies":[{"embeddable":true,"href":"https:\/\/zonaroja.com.mx\/index.php?rest_route=%2Fwp%2Fv2%2Fcomments&post=18695"}],"version-history":[{"count":1,"href":"https:\/\/zonaroja.com.mx\/index.php?rest_route=\/wp\/v2\/posts\/18695\/revisions"}],"predecessor-version":[{"id":18696,"href":"https:\/\/zonaroja.com.mx\/index.php?rest_route=\/wp\/v2\/posts\/18695\/revisions\/18696"}],"wp:featuredmedia":[{"embeddable":true,"href":"https:\/\/zonaroja.com.mx\/index.php?rest_route=\/wp\/v2\/media\/18320"}],"wp:attachment":[{"href":"https:\/\/zonaroja.com.mx\/index.php?rest_route=%2Fwp%2Fv2%2Fmedia&parent=18695"}],"wp:term":[{"taxonomy":"category","embeddable":true,"href":"https:\/\/zonaroja.com.mx\/index.php?rest_route=%2Fwp%2Fv2%2Fcategories&post=18695"},{"taxonomy":"post_tag","embeddable":true,"href":"https:\/\/zonaroja.com.mx\/index.php?rest_route=%2Fwp%2Fv2%2Ftags&post=18695"}],"curies":[{"name":"wp","href":"https:\/\/api.w.org\/{rel}","templated":true}]}}