{"id":18699,"date":"2020-10-12T08:14:32","date_gmt":"2020-10-12T13:14:32","guid":{"rendered":"http:\/\/www.zonaroja.com.mx\/?p=18699"},"modified":"2020-10-12T08:14:36","modified_gmt":"2020-10-12T13:14:36","slug":"mexico-tiene-su-primer-caso-de-paciente-con-covid-19-y-con-influenza-a-h1n1","status":"publish","type":"post","link":"https:\/\/zonaroja.com.mx\/?p=18699","title":{"rendered":"M\u00e9xico tiene su primer caso de paciente con Covid-19 y con influenza A H1N1"},"content":{"rendered":"\n<p>Redacci\u00f3n\/Zona Roja Cdmx.<\/p>\n\n\n\n<p>Ciudad de M\u00e9xico, 12 de octubre de 2020.- El director general de Epidemiolog\u00eda de la Secretar\u00eda de Salud federal, Jos\u00e9 Luis Alom\u00eda, confirm\u00f3 este domingo que M\u00e9xico tiene caso de una paciente con A (H1N1) y Covid-19.<\/p>\n\n\n\n<p>En conferencia de prensa, detall\u00f3 que se trata de una mujer de 54 a\u00f1os de edad con enfermedades autoinmunes, quien tambi\u00e9n tuvo c\u00e1ncer.<\/p>\n\n\n\n<p>Explic\u00f3 que la influenza A (H1N1) y el Covid-19 son dos enfermedades que se manifiestan con signos y s\u00edntomas muy similares.<\/p>\n\n\n\n<p>\u00abSe dio a conocer la confirmaci\u00f3n de lo que ser\u00eda para M\u00e9xico el primer caso donde se a\u00edsla y se confirma la presencia de los dos virus a la vez, es decir tanto del SARS-CoV-2, que es el agente causal del Covid-19, como del virus influenza AH1N1, que causa la enfermedad de la influenza\u00bb, refiri\u00f3.<\/p>\n\n\n\n<p>\u00abEs tambi\u00e9n el primer resultado positivo de influenza estacional que tenemos en esta temporada\u00bb, coment\u00f3.<\/p>\n\n\n\n<p>Precis\u00f3 que la paciente \u00abactualmente se encuentra hospitalizada con buena evoluci\u00f3n\u00bb.<\/p>\n\n\n\n<p>Este domingo, las muertes por Covid-19 en el pa\u00eds ascendieron a 83 mil 781; los casos confirmados llegaron a 817 mil 503.<\/p>\n","protected":false},"excerpt":{"rendered":"<p>Redacci\u00f3n\/Zona Roja Cdmx. Ciudad de M\u00e9xico, 12 de octubre de 2020.- El director general de&hellip;<\/p>\n","protected":false},"author":2,"featured_media":13052,"comment_status":"closed","ping_status":"open","sticky":false,"template":"","format":"standard","meta":{"_lmt_disableupdate":"","_lmt_disable":"","_jetpack_memberships_contains_paid_content":false,"footnotes":""},"categories":[109,47],"tags":[1328],"class_list":["post-18699","post","type-post","status-publish","format-standard","has-post-thumbnail","hentry","category-minuto-a-minuto","category-zona-gris","tag-coronavirus-mexico"],"jetpack_featured_media_url":"https:\/\/zonaroja.com.mx\/wp-content\/uploads\/2020\/05\/Coronavirus-M\u00e9xico-1.jpg","jetpack_sharing_enabled":true,"_links":{"self":[{"href":"https:\/\/zonaroja.com.mx\/index.php?rest_route=\/wp\/v2\/posts\/18699","targetHints":{"allow":["GET"]}}],"collection":[{"href":"https:\/\/zonaroja.com.mx\/index.php?rest_route=\/wp\/v2\/posts"}],"about":[{"href":"https:\/\/zonaroja.com.mx\/index.php?rest_route=\/wp\/v2\/types\/post"}],"author":[{"embeddable":true,"href":"https:\/\/zonaroja.com.mx\/index.php?rest_route=\/wp\/v2\/users\/2"}],"replies":[{"embeddable":true,"href":"https:\/\/zonaroja.com.mx\/index.php?rest_route=%2Fwp%2Fv2%2Fcomments&post=18699"}],"version-history":[{"count":1,"href":"https:\/\/zonaroja.com.mx\/index.php?rest_route=\/wp\/v2\/posts\/18699\/revisions"}],"predecessor-version":[{"id":18700,"href":"https:\/\/zonaroja.com.mx\/index.php?rest_route=\/wp\/v2\/posts\/18699\/revisions\/18700"}],"wp:featuredmedia":[{"embeddable":true,"href":"https:\/\/zonaroja.com.mx\/index.php?rest_route=\/wp\/v2\/media\/13052"}],"wp:attachment":[{"href":"https:\/\/zonaroja.com.mx\/index.php?rest_route=%2Fwp%2Fv2%2Fmedia&parent=18699"}],"wp:term":[{"taxonomy":"category","embeddable":true,"href":"https:\/\/zonaroja.com.mx\/index.php?rest_route=%2Fwp%2Fv2%2Fcategories&post=18699"},{"taxonomy":"post_tag","embeddable":true,"href":"https:\/\/zonaroja.com.mx\/index.php?rest_route=%2Fwp%2Fv2%2Ftags&post=18699"}],"curies":[{"name":"wp","href":"https:\/\/api.w.org\/{rel}","templated":true}]}}