{"id":18701,"date":"2020-10-12T08:23:25","date_gmt":"2020-10-12T13:23:25","guid":{"rendered":"http:\/\/www.zonaroja.com.mx\/?p=18701"},"modified":"2020-10-12T08:24:55","modified_gmt":"2020-10-12T13:24:55","slug":"ayuntamientos-obligados-a-garantizar-seguridad-social-a-sus-trabajadores","status":"publish","type":"post","link":"https:\/\/zonaroja.com.mx\/?p=18701","title":{"rendered":"Ayuntamientos, obligados a garantizar seguridad social a sus trabajadores"},"content":{"rendered":"\n<p>Redacci\u00f3n\/Zona Roja.<\/p>\n\n\n\n<p>Oaxaca de Ju\u00e1rez, Oax., 12 de octubre de 2020.- La 64 Legislatura del Congreso local reform\u00f3 Ley Org\u00e1nica Municipal del Estado de Oaxaca, para garantizar el derecho a la seguridad social de los y las trabajadoras en los ayuntamientos.<\/p>\n\n\n\n<p>Mediante una reforma al Art\u00edculo 43 de esta legislaci\u00f3n, impulsada por las diputadas, Aurora L\u00f3pez Acevedo y Victoria Cruz Villar, ahora se establece como nueva atribuci\u00f3n de los municipios inscribir a sus empleados en alguno de los reg\u00edmenes de seguridad.<\/p>\n\n\n\n<p>Adem\u00e1s, otorga la flexibilidad de suscribir un convenio con los Servicios de Salud de Oaxaca por conducto de la Administraci\u00f3n del Patrimonio de la Beneficencia P\u00fablica del Estado para acceder a este servicio.<\/p>\n\n\n\n<p>Con esta reforma, el Poder Legislativo atiende el derecho a la salud de los y las ciudadanas.<\/p>\n\n\n\n<p>Principalmente ahora que por la pandemia generada por la Covid-19, autoridades y funcionarios municipales han perdido la vida a causa de esta enfermedad.<\/p>\n\n\n\n<p>Tambi\u00e9n, de esta manera se pretende generar aportaciones que realicen los municipios para otorgar el beneficio a sus trabajadores, podr\u00eda propiciar la adquisici\u00f3n de mejor equipo m\u00e9dico para el tratamiento de la Covid-19 y muchas otras enfermedades.<\/p>\n","protected":false},"excerpt":{"rendered":"<p>Redacci\u00f3n\/Zona Roja. Oaxaca de Ju\u00e1rez, Oax., 12 de octubre de 2020.- La 64 Legislatura del&hellip;<\/p>\n","protected":false},"author":2,"featured_media":7605,"comment_status":"closed","ping_status":"open","sticky":false,"template":"","format":"standard","meta":{"_lmt_disableupdate":"","_lmt_disable":"","_jetpack_memberships_contains_paid_content":false,"footnotes":""},"categories":[109,46],"tags":[213],"class_list":["post-18701","post","type-post","status-publish","format-standard","has-post-thumbnail","hentry","category-minuto-a-minuto","category-zona-blanca","tag-64-legislatura-de-oaxaca"],"jetpack_featured_media_url":"https:\/\/zonaroja.com.mx\/wp-content\/uploads\/2020\/01\/C\u00e1mara-de-Diputados-Oax-5.jpg","jetpack_sharing_enabled":true,"_links":{"self":[{"href":"https:\/\/zonaroja.com.mx\/index.php?rest_route=\/wp\/v2\/posts\/18701","targetHints":{"allow":["GET"]}}],"collection":[{"href":"https:\/\/zonaroja.com.mx\/index.php?rest_route=\/wp\/v2\/posts"}],"about":[{"href":"https:\/\/zonaroja.com.mx\/index.php?rest_route=\/wp\/v2\/types\/post"}],"author":[{"embeddable":true,"href":"https:\/\/zonaroja.com.mx\/index.php?rest_route=\/wp\/v2\/users\/2"}],"replies":[{"embeddable":true,"href":"https:\/\/zonaroja.com.mx\/index.php?rest_route=%2Fwp%2Fv2%2Fcomments&post=18701"}],"version-history":[{"count":1,"href":"https:\/\/zonaroja.com.mx\/index.php?rest_route=\/wp\/v2\/posts\/18701\/revisions"}],"predecessor-version":[{"id":18702,"href":"https:\/\/zonaroja.com.mx\/index.php?rest_route=\/wp\/v2\/posts\/18701\/revisions\/18702"}],"wp:featuredmedia":[{"embeddable":true,"href":"https:\/\/zonaroja.com.mx\/index.php?rest_route=\/wp\/v2\/media\/7605"}],"wp:attachment":[{"href":"https:\/\/zonaroja.com.mx\/index.php?rest_route=%2Fwp%2Fv2%2Fmedia&parent=18701"}],"wp:term":[{"taxonomy":"category","embeddable":true,"href":"https:\/\/zonaroja.com.mx\/index.php?rest_route=%2Fwp%2Fv2%2Fcategories&post=18701"},{"taxonomy":"post_tag","embeddable":true,"href":"https:\/\/zonaroja.com.mx\/index.php?rest_route=%2Fwp%2Fv2%2Ftags&post=18701"}],"curies":[{"name":"wp","href":"https:\/\/api.w.org\/{rel}","templated":true}]}}