{"id":18704,"date":"2020-10-12T13:00:03","date_gmt":"2020-10-12T18:00:03","guid":{"rendered":"https:\/\/www.zonaroja.com.mx\/?p=18704"},"modified":"2020-10-12T13:01:09","modified_gmt":"2020-10-12T18:01:09","slug":"18704","status":"publish","type":"post","link":"https:\/\/zonaroja.com.mx\/?p=18704","title":{"rendered":"El Colegio M\u00e9dico de Oaxaca se suma a la defensa de la autonom\u00eda de la UABJO"},"content":{"rendered":"\n<p class=\"MsoNormal\">Yuridiana Sosa\/Zona Roja. <\/p>\n\n\n\n<p class=\"MsoNormal\">Oaxaca de Ju\u00e1rez, Oax., 12 de octubre de 2020.-&nbsp; El Consejo Directivo del Colegio M\u00e9dico de Oaxaca \u201cDr. Aurelio Valdivieso\u201d A.C. se pronunci\u00f3 a favor de la autonom\u00eda de la Universidad Aut\u00f3noma Benito Ju\u00e1rez de Oaxaca (UABJO) y exhort\u00f3 al gobierno estatal a respetar la vida interna de la m\u00e1xima casa de estudios.<\/p>\n\n\n\n<p class=\"MsoNormal\">Tras darse a conocer de la intenci\u00f3n de imponer a Gilberto Gamboa Medina como rector de la UABJO, docentes, ex rectores y hasta legisladores del Congreso local se han manifestado por el respeto de la soberan\u00eda de la instituci\u00f3n.<\/p>\n\n\n\n<p class=\"MsoNormal\">\u201cExhortamos al Estado y a su gobierno a respetar la autonom\u00eda universitaria, formal y real, respetando sus leyes y sus derechos al autogobierno sin injerencias gubernamentales que ponen en peligro su sustantividad y su filosof\u00eda de ser\u201d, se\u00f1al\u00f3 el escrito ante la presunta intervenci\u00f3n del gobierno estatal con la imposici\u00f3n.<\/p>\n\n\n\n<p class=\"MsoNormal\">Los profesionales de la salud recordaron los cambios que ha sufrido la instituci\u00f3n desde su creaci\u00f3n en 1827, hasta que logr\u00f3 su autonom\u00eda en 1971, desde cuando -a pesar del control parcial que los gobiernos han implementado, con miras a uno total-, existe una natural resistencia y defensa de los universitarios para mantenerse aut\u00f3nomos y autogobernados.<\/p>\n\n\n\n<p class=\"MsoNormal\">Por eso tambi\u00e9n llamaron al gobierno estatal a \u201ccolaborara a su incremento y a beneficiar a los oaxaque\u00f1os mediante cumplimientos de la funci\u00f3n gubernamental que es el apoyo a la Universidad P\u00fablica\u201d, y evitar su desestabilizaci\u00f3n, por lo que enfatizaron que \u201cdefender a la UABJO es garantiza su funci\u00f3n esencial en beneficio del pueblo de Oaxaca\u201d.<\/p>\n","protected":false},"excerpt":{"rendered":"<p>Yuridiana Sosa\/Zona Roja. Oaxaca de Ju\u00e1rez, Oax., 12 de octubre de 2020.-&nbsp; El Consejo Directivo&hellip;<\/p>\n","protected":false},"author":2,"featured_media":18703,"comment_status":"closed","ping_status":"open","sticky":false,"template":"","format":"standard","meta":{"_lmt_disableupdate":"","_lmt_disable":"","_jetpack_memberships_contains_paid_content":false,"footnotes":""},"categories":[109,47],"tags":[165],"class_list":["post-18704","post","type-post","status-publish","format-standard","has-post-thumbnail","hentry","category-minuto-a-minuto","category-zona-gris","tag-colegio-medico-de-oaxaca"],"jetpack_featured_media_url":"https:\/\/zonaroja.com.mx\/wp-content\/uploads\/2020\/10\/69d01176-f421-4543-8986-3618a1e71b4f.jpg","jetpack_sharing_enabled":true,"_links":{"self":[{"href":"https:\/\/zonaroja.com.mx\/index.php?rest_route=\/wp\/v2\/posts\/18704","targetHints":{"allow":["GET"]}}],"collection":[{"href":"https:\/\/zonaroja.com.mx\/index.php?rest_route=\/wp\/v2\/posts"}],"about":[{"href":"https:\/\/zonaroja.com.mx\/index.php?rest_route=\/wp\/v2\/types\/post"}],"author":[{"embeddable":true,"href":"https:\/\/zonaroja.com.mx\/index.php?rest_route=\/wp\/v2\/users\/2"}],"replies":[{"embeddable":true,"href":"https:\/\/zonaroja.com.mx\/index.php?rest_route=%2Fwp%2Fv2%2Fcomments&post=18704"}],"version-history":[{"count":2,"href":"https:\/\/zonaroja.com.mx\/index.php?rest_route=\/wp\/v2\/posts\/18704\/revisions"}],"predecessor-version":[{"id":18706,"href":"https:\/\/zonaroja.com.mx\/index.php?rest_route=\/wp\/v2\/posts\/18704\/revisions\/18706"}],"wp:featuredmedia":[{"embeddable":true,"href":"https:\/\/zonaroja.com.mx\/index.php?rest_route=\/wp\/v2\/media\/18703"}],"wp:attachment":[{"href":"https:\/\/zonaroja.com.mx\/index.php?rest_route=%2Fwp%2Fv2%2Fmedia&parent=18704"}],"wp:term":[{"taxonomy":"category","embeddable":true,"href":"https:\/\/zonaroja.com.mx\/index.php?rest_route=%2Fwp%2Fv2%2Fcategories&post=18704"},{"taxonomy":"post_tag","embeddable":true,"href":"https:\/\/zonaroja.com.mx\/index.php?rest_route=%2Fwp%2Fv2%2Ftags&post=18704"}],"curies":[{"name":"wp","href":"https:\/\/api.w.org\/{rel}","templated":true}]}}