{"id":18711,"date":"2020-10-12T15:55:33","date_gmt":"2020-10-12T20:55:33","guid":{"rendered":"http:\/\/www.zonaroja.com.mx\/?p=18711"},"modified":"2020-10-12T15:55:36","modified_gmt":"2020-10-12T20:55:36","slug":"durante-lapso-de-semaforo-amarillo-se-registraron-mas-de-dos-mil-casos-nuevos-de-covid","status":"publish","type":"post","link":"https:\/\/zonaroja.com.mx\/?p=18711","title":{"rendered":"Durante lapso de sem\u00e1foro amarillo, se registraron m\u00e1s de dos mil casos nuevos de Covid"},"content":{"rendered":"\n<p>Yuridiana Sosa\/Zona Roja.<\/p>\n\n\n\n<p>Oaxaca de Ju\u00e1rez, Oax., 12 de octubre de 2020.- En las dos semanas en que Oaxaca transit\u00f3 en sem\u00e1foro epidemiol\u00f3gico amarillo &#8211;alerta de riesgo medio&#8211;, se registraron de forma oficial dos mil 257 nuevos casos y 80 defunciones por Covid-19.<\/p>\n\n\n\n<p>De acuerdo a los reportes t\u00e9cnicos diarios de los Servicios de Salud de Oaxaca (SSO), la entidad retrocede e ingres\u00f3 este lunes en su fase de riesgo a alto, en color naranja del sem\u00e1foro, con el registro de 18 mil 903 casos acumulados y mil 511 decesos.<\/p>\n\n\n\n<p>Lo anterior, principalmente debido al relajamiento de las medidas de distanciamiento social, principalmente en los parques p\u00fablicos; en el caso de la capital, el z\u00f3calo, la Alameda de Le\u00f3n y \u201cEl Llano\u201d se mantienen este d\u00eda abiertos al p\u00fablico y llenos de gente que toma su descanso.<\/p>\n\n\n\n<p>El pasado 27 de septiembre, en v\u00edsperas de ingresar a sem\u00e1foro amarillo por supuestamente cumplir con las caracter\u00edsticas que representaban un riesgo menor frente a la pandemia, los SSO reportaron 16 mil 646 casos acumulados, de los que se manten\u00edan activos 724.<\/p>\n\n\n\n<p>En el curso de esas dos semanas a nivel estatal, pero de forma particular en el municipio de Oaxaca de Ju\u00e1rez, se registraron una serie de movilizaciones masivas que coparon las calles y distintos espacios p\u00fablicos.<\/p>\n\n\n\n<p>Los comercios en sus diferentes giros retomaron sus actividades a plenitud y la poblaci\u00f3n en general comenz\u00f3 con mayores convivencias sociales.<\/p>\n\n\n\n<p>Al paso de la primera semana en sem\u00e1foro amarillo, la Secretar\u00eda de Salud de Oaxaca dio a conocer el registro de 855 nuevos casos y 44 decesos relacionados a Coronavirus y para el jueves el gobernador Alejandro Murat, con un acumulado de 17 mil 899 casos, anunci\u00f3 el regreso al sem\u00e1foro naranja, de alto riesgo.<\/p>\n\n\n\n<p>Para el viernes, el registro de enfermos en Oaxaca se dispar\u00f3, pues los SSO dieron a conocer 705 nuevos casos distribuidos en 132 municipios, con el mayor n\u00famero de casos para Oaxaca de Ju\u00e1rez con 185.<\/p>\n\n\n\n<p>En la capital del estado ocurri\u00f3 la cantidad m\u00e1s elevada en incremento de casos, con 687 nuevos casos de diferentes entre el inicio y la conclusi\u00f3n de la fase amarilla, con un acumulado total de cinco mil 310 respecto al corte de este domingo 11 de octubre.<\/p>\n\n\n\n<p>A inicios de julio fue la primera ocasi\u00f3n que la entidad gan\u00f3 la oportunidad de transitar a color naranja en el sem\u00e1foro epidemiol\u00f3gico, con un retroceso a finales de este mes.<\/p>\n\n\n\n<p>Para el 3 de agosto, por segunda ocasi\u00f3n, Oaxaca pas\u00f3 de riego m\u00e1ximo a alto, y al paso de m\u00e1s de un mes, a finales de septiembre, super\u00f3 el naranja para pasar a amarillo. Por lo que esta es la tercera vez que se cursa en este nivel de riesgo alto.<\/p>\n","protected":false},"excerpt":{"rendered":"<p>Yuridiana Sosa\/Zona Roja. Oaxaca de Ju\u00e1rez, Oax., 12 de octubre de 2020.- En las dos&hellip;<\/p>\n","protected":false},"author":2,"featured_media":18712,"comment_status":"closed","ping_status":"open","sticky":false,"template":"","format":"standard","meta":{"_lmt_disableupdate":"","_lmt_disable":"","_jetpack_memberships_contains_paid_content":false,"footnotes":""},"categories":[109,47],"tags":[1512],"class_list":["post-18711","post","type-post","status-publish","format-standard","has-post-thumbnail","hentry","category-minuto-a-minuto","category-zona-gris","tag-coronavirus-oaxaca"],"jetpack_featured_media_url":"https:\/\/zonaroja.com.mx\/wp-content\/uploads\/2020\/10\/Gente-zocalo-Oaxaca.png","jetpack_sharing_enabled":true,"_links":{"self":[{"href":"https:\/\/zonaroja.com.mx\/index.php?rest_route=\/wp\/v2\/posts\/18711","targetHints":{"allow":["GET"]}}],"collection":[{"href":"https:\/\/zonaroja.com.mx\/index.php?rest_route=\/wp\/v2\/posts"}],"about":[{"href":"https:\/\/zonaroja.com.mx\/index.php?rest_route=\/wp\/v2\/types\/post"}],"author":[{"embeddable":true,"href":"https:\/\/zonaroja.com.mx\/index.php?rest_route=\/wp\/v2\/users\/2"}],"replies":[{"embeddable":true,"href":"https:\/\/zonaroja.com.mx\/index.php?rest_route=%2Fwp%2Fv2%2Fcomments&post=18711"}],"version-history":[{"count":1,"href":"https:\/\/zonaroja.com.mx\/index.php?rest_route=\/wp\/v2\/posts\/18711\/revisions"}],"predecessor-version":[{"id":18713,"href":"https:\/\/zonaroja.com.mx\/index.php?rest_route=\/wp\/v2\/posts\/18711\/revisions\/18713"}],"wp:featuredmedia":[{"embeddable":true,"href":"https:\/\/zonaroja.com.mx\/index.php?rest_route=\/wp\/v2\/media\/18712"}],"wp:attachment":[{"href":"https:\/\/zonaroja.com.mx\/index.php?rest_route=%2Fwp%2Fv2%2Fmedia&parent=18711"}],"wp:term":[{"taxonomy":"category","embeddable":true,"href":"https:\/\/zonaroja.com.mx\/index.php?rest_route=%2Fwp%2Fv2%2Fcategories&post=18711"},{"taxonomy":"post_tag","embeddable":true,"href":"https:\/\/zonaroja.com.mx\/index.php?rest_route=%2Fwp%2Fv2%2Ftags&post=18711"}],"curies":[{"name":"wp","href":"https:\/\/api.w.org\/{rel}","templated":true}]}}