{"id":18714,"date":"2020-10-12T16:27:52","date_gmt":"2020-10-12T21:27:52","guid":{"rendered":"http:\/\/www.zonaroja.com.mx\/?p=18714"},"modified":"2020-10-12T16:27:56","modified_gmt":"2020-10-12T21:27:56","slug":"busca-diputada-que-en-oaxaca-se-reconozca-identidad-trans-desde-los-12-anos","status":"publish","type":"post","link":"https:\/\/zonaroja.com.mx\/?p=18714","title":{"rendered":"Busca diputada que en Oaxaca se reconozca identidad trans desde los 12 a\u00f1os"},"content":{"rendered":"\n<p>Redacci\u00f3n\/Zona Roja.<\/p>\n\n\n\n<p>Oaxaca de Ju\u00e1rez, Oax., 12 de octubre de 2020.- La diputada del Partido Morena, Magaly L\u00f3pez Dom\u00ednguez, promueve en el Congreso local la reforma al C\u00f3digo Civil del Estado de Oaxaca, con la que busca garantizar el derecho a la identidad de g\u00e9nero a personas trans a partir de los 12 a\u00f1os de edad.<\/p>\n\n\n\n<p>La proposici\u00f3n legislativa contempla la reforma a los art\u00edculos 137, 137 Ter y 137 Qu\u00e1ter del C\u00f3digo Civil local.<\/p>\n\n\n\n<p>Con ello, las personas que se asuman como transexuales no deber\u00e1n esperar hasta los 18 a\u00f1os para dar tr\u00e1mite legal a su reconocimiento de g\u00e9nero, pues les ser\u00e1 posible a partir de los 12 a\u00f1os.<\/p>\n\n\n\n<p>La legisladora propone que el reconocimiento de la identidad de g\u00e9nero de las&nbsp; personas menores de edad, sea posible con la autorizaci\u00f3n de su padre, madre o de la persona que posea su guarda y custodia.<\/p>\n\n\n\n<p>Sin embargo, si hubiera negativa para ello por parte del tutor o tutora, \u00e9l o la adolescente podr\u00edan acudir a la Procuradur\u00eda Estatal de Protecci\u00f3n de los Derechos de Ni\u00f1as, Ni\u00f1os y Adolescentes de Oaxaca a exigir el cumplimiento de este derecho.<\/p>\n\n\n\n<p>Dicha dependencia deber\u00e1 prestarle asistencia legal para recurrir a la v\u00eda jurisdiccional y, en consecuencia, sean los y las juezas quienes teniendo en cuenta los principios de capacidad progresiva e inter\u00e9s superior de la ni\u00f1ez, resuelvan sobre dicha negativa o falta de consentimiento.<\/p>\n\n\n\n<p>A\u00f1ade, que&nbsp; trat\u00e1ndose de personas menores de edad, el Registro Civil deber\u00e1 contar con personal especializado en trabajo e intervenci\u00f3n con adolescentes, g\u00e9nero y diversidad sexual en la adolescencia.<\/p>\n\n\n\n<p>Magaly L\u00f3pez argument\u00f3&nbsp; que la propuesta&nbsp; de reforma a la ley se da en apego a lo establecido por la Suprema Corte de Justicia de la Naci\u00f3n (SCJN)&nbsp; que ha sostenido jur\u00eddicamente que el derecho a ser escuchado de los ni\u00f1os y ni\u00f1as constituye no solo un derecho en s\u00ed mismo, sino que tambi\u00e9n debe tenerse en cuenta para interpretar y hacer respetar todos los dem\u00e1s derechos.<\/p>\n\n\n\n<p>Se\u00f1ala que permitir a los y las adolescentes reconocer su identidad de g\u00e9nero garantizar\u00eda el derecho humano de igualdad ante la ley, en su vertiente de prohibici\u00f3n de discriminaci\u00f3n, que tutela el art\u00edculo primero constitucional.<\/p>\n\n\n\n<p>La iniciativa presentada por la diputada por el Distrito XV, con cabecera en Santa Cruz Xoxocotl\u00e1n, fue recibida por la Diputaci\u00f3n Permanente y se turn\u00f3 a la comisi\u00f3n Permanente correspondiente para su dictamen.<\/p>\n","protected":false},"excerpt":{"rendered":"<p>Redacci\u00f3n\/Zona Roja. Oaxaca de Ju\u00e1rez, Oax., 12 de octubre de 2020.- La diputada del Partido&hellip;<\/p>\n","protected":false},"author":2,"featured_media":18715,"comment_status":"closed","ping_status":"open","sticky":false,"template":"","format":"standard","meta":{"_lmt_disableupdate":"","_lmt_disable":"","_jetpack_memberships_contains_paid_content":false,"footnotes":""},"categories":[109,46],"tags":[192],"class_list":["post-18714","post","type-post","status-publish","format-standard","has-post-thumbnail","hentry","category-minuto-a-minuto","category-zona-blanca","tag-diputada-magaly-lopez-dominguez"],"jetpack_featured_media_url":"https:\/\/zonaroja.com.mx\/wp-content\/uploads\/2020\/10\/Magaly-Lopez-Dominguez.jpg","jetpack_sharing_enabled":true,"_links":{"self":[{"href":"https:\/\/zonaroja.com.mx\/index.php?rest_route=\/wp\/v2\/posts\/18714","targetHints":{"allow":["GET"]}}],"collection":[{"href":"https:\/\/zonaroja.com.mx\/index.php?rest_route=\/wp\/v2\/posts"}],"about":[{"href":"https:\/\/zonaroja.com.mx\/index.php?rest_route=\/wp\/v2\/types\/post"}],"author":[{"embeddable":true,"href":"https:\/\/zonaroja.com.mx\/index.php?rest_route=\/wp\/v2\/users\/2"}],"replies":[{"embeddable":true,"href":"https:\/\/zonaroja.com.mx\/index.php?rest_route=%2Fwp%2Fv2%2Fcomments&post=18714"}],"version-history":[{"count":1,"href":"https:\/\/zonaroja.com.mx\/index.php?rest_route=\/wp\/v2\/posts\/18714\/revisions"}],"predecessor-version":[{"id":18716,"href":"https:\/\/zonaroja.com.mx\/index.php?rest_route=\/wp\/v2\/posts\/18714\/revisions\/18716"}],"wp:featuredmedia":[{"embeddable":true,"href":"https:\/\/zonaroja.com.mx\/index.php?rest_route=\/wp\/v2\/media\/18715"}],"wp:attachment":[{"href":"https:\/\/zonaroja.com.mx\/index.php?rest_route=%2Fwp%2Fv2%2Fmedia&parent=18714"}],"wp:term":[{"taxonomy":"category","embeddable":true,"href":"https:\/\/zonaroja.com.mx\/index.php?rest_route=%2Fwp%2Fv2%2Fcategories&post=18714"},{"taxonomy":"post_tag","embeddable":true,"href":"https:\/\/zonaroja.com.mx\/index.php?rest_route=%2Fwp%2Fv2%2Ftags&post=18714"}],"curies":[{"name":"wp","href":"https:\/\/api.w.org\/{rel}","templated":true}]}}