{"id":18717,"date":"2020-10-12T19:28:20","date_gmt":"2020-10-13T00:28:20","guid":{"rendered":"http:\/\/www.zonaroja.com.mx\/?p=18717"},"modified":"2020-10-12T19:28:24","modified_gmt":"2020-10-13T00:28:24","slug":"habitantes-de-guila-amagan-con-bloqueos-ante-desatencion-de-gobierno","status":"publish","type":"post","link":"https:\/\/zonaroja.com.mx\/?p=18717","title":{"rendered":"Habitantes de G\u00fcil\u00e1 amagan con bloqueos ante desatenci\u00f3n de gobierno"},"content":{"rendered":"\n<p>Evlin Arag\u00f3n\/Zona Roja.<\/p>\n\n\n\n<p>Oaxaca de Ju\u00e1rez, Oax., 12 de octubre de 2020.- Habitantes de San Pablo G\u00fcil\u00e1, Oaxaca, advirtieron la instalaci\u00f3n de bloqueos carreteros en pr\u00f3ximas fechas debido a la desatenci\u00f3n por parte de las autoridades estatales encabezadas por Alejandro Murat Hinojosa, a un compromiso existente en torno a la construcci\u00f3n de una obra prioritaria que desde hace un a\u00f1o se acord\u00f3.<\/p>\n\n\n\n<p>As\u00ed lo dio a conocer Roberto Antonio, agente municipal de la localidad, quien detall\u00f3 que se trata de la construcci\u00f3n de un relleno sanitario y un auditorio de usos m\u00faltiples que previamente hab\u00eda sido acordado, por lo que no descartan accionar un bloqueo carretero a la v\u00eda federal 190 Oaxaca-Istmo, justo en el crucero de San Dionisio Ocotepec.<\/p>\n\n\n\n<p>\u201cEn pr\u00f3ximos d\u00edas nos veremos en la penosa necesidad de accionar, ya sea con un bloqueo, un cierre de carretera o de Ciudad Administrativa si las autoridades no cumplen con el ultim\u00e1tum de tres d\u00edas para iniciar con las obras\u201d, refiri\u00f3 en la conferencia de prensa que realiz\u00f3 este lunes en la explanada de la iglesia de Santo Domingo.&nbsp;<\/p>\n\n\n\n<p>El agente municipal indico que el trienio pasado estuvieron en el abandono total por el edil anterior que incluso hab\u00eda desatado un conflicto armado al interior de la localidad, sin embargo, se ha podido resolver esta parte con la intervenci\u00f3n del Gobierno del Estado, con quien se signaron compromisos en el 2019 que no se han cumplido.\u00a0\u00a0<\/p>\n\n\n\n<figure class=\"wp-block-embed-twitter wp-block-embed is-type-rich is-provider-twitter\"><div class=\"wp-block-embed__wrapper\">\n<div class=\"twitter-tweet\"><blockquote class=\"twitter-tweet\" data-lang=\"es\"><p lang=\"es\" dir=\"ltr\"><a href=\"https:\/\/twitter.com\/hashtag\/%C3%9AltimoMinuto?src=hash&amp;ref_src=twsrc%5Etfw\">#\u00daltimoMinuto<\/a> <br>La autoridad auxiliar de San Pablo <a href=\"https:\/\/twitter.com\/hashtag\/G%C3%BCil%C3%A1?src=hash&amp;ref_src=twsrc%5Etfw\">#G\u00fcil\u00e1<\/a>, <a href=\"https:\/\/twitter.com\/hashtag\/Oaxaca?src=hash&amp;ref_src=twsrc%5Etfw\">#Oaxaca<\/a>, denunci\u00f3 que <a href=\"https:\/\/twitter.com\/SINFRA_GobOax?ref_src=twsrc%5Etfw\">@SINFRA_GobOax<\/a>, <a href=\"https:\/\/twitter.com\/COPLADE_GobOax?ref_src=twsrc%5Etfw\">@COPLADE_GobOax<\/a> y el <a href=\"https:\/\/twitter.com\/IEEPOGobOax?ref_src=twsrc%5Etfw\">@IEEPOGobOax<\/a> se han negado a cumplir los compromisos del gobernador Alejandro Murat con la comunidad; valoran realizar bloqueos. <a href=\"https:\/\/t.co\/mDjZsoM719\">pic.twitter.com\/mDjZsoM719<\/a><\/p>&mdash; Zona Roja Oaxaca (@MexRoja) <a href=\"https:\/\/twitter.com\/MexRoja\/status\/1315701447107973121?ref_src=twsrc%5Etfw\">12 de octubre de 2020<\/a><\/blockquote><\/div>\n<\/div><\/figure>\n\n\n\n<p>Lo anterior, pese a que han entregado en los proyectos y requisitos solicitados por parte de las Secretar\u00eda de las Infraestructuras y el Ordenamiento Territorial, Finanzas y Coplade, sin que exista respuesta por parte de ninguna de las instancias gubernamentales.&nbsp;<\/p>\n\n\n\n<p>\u201cHemos sido un pueblo muy respetuoso de la norma y de la ley, por tal motivo hemos presentado nuestros proyectos en tiempo y forma, hemos cumplido las observaciones que nos ha hecho Sinfra, sin embargo, a\u00fan no se nos da respuesta a las validaciones, pese al compromiso del gobernado\u201d, dijo.&nbsp;&nbsp;<\/p>\n\n\n\n<p>Finalmente, Roberto Antonio manifest\u00f3 que hace unos d\u00edas les llamaron de la Secretar\u00eda General de Gobierno que encabeza H\u00e9ctor Anuar Mafud Mafud, para pedir tres d\u00edas m\u00e1s antes de dar respuestas a sus demandas, por lo que el mi\u00e9rcoles se definir\u00e1 si se concreta el bloqueo que tienen pensado como medida de presi\u00f3n.&nbsp;<\/p>\n","protected":false},"excerpt":{"rendered":"<p>Evlin Arag\u00f3n\/Zona Roja. Oaxaca de Ju\u00e1rez, Oax., 12 de octubre de 2020.- Habitantes de San&hellip;<\/p>\n","protected":false},"author":2,"featured_media":18718,"comment_status":"closed","ping_status":"open","sticky":false,"template":"","format":"standard","meta":{"_lmt_disableupdate":"","_lmt_disable":"","_jetpack_memberships_contains_paid_content":false,"footnotes":""},"categories":[109,47],"tags":[2095],"class_list":["post-18717","post","type-post","status-publish","format-standard","has-post-thumbnail","hentry","category-minuto-a-minuto","category-zona-gris","tag-san-pablo-guila"],"jetpack_featured_media_url":"https:\/\/zonaroja.com.mx\/wp-content\/uploads\/2020\/10\/San-Pablo-Guila.jpg","jetpack_sharing_enabled":true,"_links":{"self":[{"href":"https:\/\/zonaroja.com.mx\/index.php?rest_route=\/wp\/v2\/posts\/18717","targetHints":{"allow":["GET"]}}],"collection":[{"href":"https:\/\/zonaroja.com.mx\/index.php?rest_route=\/wp\/v2\/posts"}],"about":[{"href":"https:\/\/zonaroja.com.mx\/index.php?rest_route=\/wp\/v2\/types\/post"}],"author":[{"embeddable":true,"href":"https:\/\/zonaroja.com.mx\/index.php?rest_route=\/wp\/v2\/users\/2"}],"replies":[{"embeddable":true,"href":"https:\/\/zonaroja.com.mx\/index.php?rest_route=%2Fwp%2Fv2%2Fcomments&post=18717"}],"version-history":[{"count":1,"href":"https:\/\/zonaroja.com.mx\/index.php?rest_route=\/wp\/v2\/posts\/18717\/revisions"}],"predecessor-version":[{"id":18719,"href":"https:\/\/zonaroja.com.mx\/index.php?rest_route=\/wp\/v2\/posts\/18717\/revisions\/18719"}],"wp:featuredmedia":[{"embeddable":true,"href":"https:\/\/zonaroja.com.mx\/index.php?rest_route=\/wp\/v2\/media\/18718"}],"wp:attachment":[{"href":"https:\/\/zonaroja.com.mx\/index.php?rest_route=%2Fwp%2Fv2%2Fmedia&parent=18717"}],"wp:term":[{"taxonomy":"category","embeddable":true,"href":"https:\/\/zonaroja.com.mx\/index.php?rest_route=%2Fwp%2Fv2%2Fcategories&post=18717"},{"taxonomy":"post_tag","embeddable":true,"href":"https:\/\/zonaroja.com.mx\/index.php?rest_route=%2Fwp%2Fv2%2Ftags&post=18717"}],"curies":[{"name":"wp","href":"https:\/\/api.w.org\/{rel}","templated":true}]}}