{"id":1872,"date":"2019-06-27T14:32:09","date_gmt":"2019-06-27T19:32:09","guid":{"rendered":"http:\/\/www.zonaroja.com.mx\/?p=1872"},"modified":"2019-06-27T14:32:12","modified_gmt":"2019-06-27T19:32:12","slug":"entre-lagrimas-victimas-de-tortura-en-nochixtlan-piden-justicia","status":"publish","type":"post","link":"https:\/\/zonaroja.com.mx\/?p=1872","title":{"rendered":"Entre l\u00e1grimas, v\u00edctimas de tortura en Nochixtl\u00e1n piden justicia"},"content":{"rendered":"\n<p>Evlin Arag\u00f3n<\/p>\n\n\n\n<p>Oaxaca de\nJu\u00e1rez, Oax., 27 de junio de 2019.- Con la voz entrecortada y l\u00e1grimas, Marco,\nJes\u00fas y Luis, integrantes del Grupo de Detenidos en B\u00fasqueda de Justicia,\nnarraron las horas de tortura f\u00edsica y psicol\u00f3gica que vivieron el 19 de junio\ndel 2016, al ser detenidos en inmediaciones de Asunci\u00f3n Nochixtl\u00e1n.<\/p>\n\n\n\n<p>Ello a pesar\nde no formar parte del magisterio oaxaque\u00f1o o alguna organizaci\u00f3n social y\nmucho menos participar en la protestas en contra de la Reforma Educativa que se\nregistraban en la entidad oaxaque\u00f1a.<\/p>\n\n\n\n<p>\u201cNuestro\ndelito fue ir a enterrar a nuestro familiar\u201d explic\u00f3 uno de ellos. Y es que de\nlas 27 personas detenidas en el operativo \u201cOaxaca\u201d realizado el 19 de junio a\npetici\u00f3n del entonces gobernador Gabino Cu\u00e9 Monteagudo, 19 de ellos se\nencontraban en el pante\u00f3n municipal enterrando a un familiar, cuando fueron\nretenidos de forma arbitraria por elementos de la polic\u00eda estatal y federal.<\/p>\n\n\n\n<p>\u201cNos sacaron\na golpes del pante\u00f3n, nos amenazaron, nos quitaron nuestras pertenencias nos\ndijeron que nos iban a desaparecer, que nunca volver\u00edamos a ver a nuestras\nfamilias, nos desnudaron y tomaron fotograf\u00edas, nos trataron como perros\u201d,\nrelat\u00f3 Jes\u00fas.<\/p>\n\n\n\n<p>Lo anterior,\nen el marco del conversatorio \u201cViolencia de Estado y tortura: consecuencia y afrontamientos\na tres a\u00f1os del 19 de junio de 2016\u201d, que se llev\u00f3 a cabo este mi\u00e9rcoles en la\ncapital del estado, organizado por la asociaci\u00f3n civil C\u00f3digo DH.<\/p>\n\n\n\n<p>TRATOS\nCRUELES<\/p>\n\n\n\n<p>\u201cYo pens\u00e9\nque era el fin de mi vida y la de mis compa\u00f1eros. Todo el camino nos fueron\nmaltratando, nos golpearon con los toletes y sus escudos. A un compa\u00f1ero le\ncortaron el cabello con una navaja, a otro le pusieron un casco en la cabeza y\nlo retachaban con las bancas que llevan los carros\u201d, contin\u00fao el relato que por\nmomentos suspend\u00eda al no poder contener las l\u00e1grimas.<\/p>\n\n\n\n<p>El miedo a\nno volver a ver a sus familias y que se tratara del fin de sus vidas fue\ncompartido por todos, as\u00ed como el dolor por los golpes f\u00edsicos y la\nincertidumbre que les generaba la tortura psicol\u00f3gica. <\/p>\n\n\n\n<p>\u201cPens\u00e9 que\nera mi fin y s\u00f3lo pod\u00eda pensar en mis hijos, no me desped\u00ed de ellos y me\nesperaban ese domingo para celebrar el d\u00eda del padre, pens\u00e9 que nunca los\nvolver\u00eda a ver\u201d, a\u00f1adi\u00f3.<\/p>\n\n\n\n<p>Despu\u00e9s de\nhoras de estar primero en una celda y luego una especie de bodega, fue hasta el\nmartes que se dio el intercambio, ya que la poblaci\u00f3n manten\u00eda retenidos a dos\nelementos de la Polic\u00eda Federal y exig\u00edan la liberaci\u00f3n de los detenidos.<\/p>\n\n\n\n<p>\u201cEl martes\nen la noche fue nuestra salida, nos intercambiaron como mercanc\u00eda, no llegamos\ncon nuestras familias, nos intercambiaron sobre la pista (carretera) donde\nmanten\u00edan a los federales, eso me hace sentir hasta la fecha como mercanc\u00eda,\ncomo algo que no vale\u201d, asegur\u00f3.<\/p>\n\n\n\n<p>Los tres recordaron que ellos no tuvieron nada que ver con el movimiento magisterial y que poco a poco han salido adelante con todo y las secuelas f\u00edsicas y psicol\u00f3gicas que se mantienen a tres a\u00f1os de los hechos, refieren que no ha sido f\u00e1cil pero el mantenerse unidos en exigencia de justicia les ha permitido seguir con sus vidas.<\/p>\n\n\n\n<figure class=\"wp-block-embed-twitter wp-block-embed is-type-rich is-provider-twitter\"><div class=\"wp-block-embed__wrapper\">\n<div class=\"twitter-tweet\"><blockquote class=\"twitter-tweet\" data-lang=\"es\"><p lang=\"es\" dir=\"ltr\"><a href=\"https:\/\/twitter.com\/hashtag\/ENVIVO?src=hash&amp;ref_src=twsrc%5Etfw\">#ENVIVO<\/a><br>Ciudad de Oaxaca<br>Conversatorio: Violencia de Estado y tortura; el caso Nochixtl\u00e1n en el a\u00f1o 2016. Organiza <a href=\"https:\/\/twitter.com\/CodigoDH?ref_src=twsrc%5Etfw\">@CodigoDH<\/a> y modera la periodista <a href=\"https:\/\/twitter.com\/evlin_aragon?ref_src=twsrc%5Etfw\">@evlin_aragon<\/a>.<a href=\"https:\/\/t.co\/iapzo4UOKv\">https:\/\/t.co\/iapzo4UOKv<\/a> <a href=\"https:\/\/t.co\/o12IUs8bbp\">pic.twitter.com\/o12IUs8bbp<\/a><\/p>&mdash; Zona Roja Oaxaca (@MexRoja) <a href=\"https:\/\/twitter.com\/MexRoja\/status\/1144042238722396160?ref_src=twsrc%5Etfw\">27 de junio de 2019<\/a><\/blockquote><\/div>\n<\/div><\/figure>\n\n\n\n<p>EXIGEN\nJUSTICIA<\/p>\n\n\n\n<p>\u201cLo que\nqueremos es justicia, que se nos haga justicia por los golpes que recibimos y\nla tortura psicol\u00f3gica de la que fuimos v\u00edctimas nosotros y nuestras familias\u201d,\nconcluy\u00f3 Jes\u00fas.<\/p>\n\n\n\n<p>Por su parte\nSara M\u00e9ndez, representante de C\u00f3digo DH, asegur\u00f3 que la documentaci\u00f3n de las\norganizaciones sociales ha sido fundamental para hacer evidente que si hubo\ncasos de tortura y que sigue pendiente el acceso a la justicia y a la\nreparaci\u00f3n del da\u00f1o.<\/p>\n\n\n\n<p>\u201cNochixtl\u00e1n\nsigue con una herida abierta, una herida que no se ha proceso y que si no se\natiende se encona, es fundamental que el tejido social se reconstruya a favor\nde la comunidad que fue agraviada\u201d, dijo.<\/p>\n\n\n\n<p>Finalmente, detall\u00f3 que las autoridades oaxaque\u00f1as tienen una cuenta pendiente, ya que mientras las v\u00edctimas no obtengan justicia por los hechos, estos tienden a repetirse en los contextos de lucha y resistencia de pueblos y comunidades en la entidad.<\/p>\n\n\n\n<figure class=\"wp-block-image\"><img decoding=\"async\" width=\"1024\" height=\"768\" src=\"http:\/\/www.zonaroja.com.mx\/wp-content\/uploads\/2019\/06\/4d67c29f-1949-45b2-9b95-0d25e1b5b912-1-1024x768.jpg\" alt=\"\" class=\"wp-image-1873\" srcset=\"https:\/\/zonaroja.com.mx\/wp-content\/uploads\/2019\/06\/4d67c29f-1949-45b2-9b95-0d25e1b5b912-1-1024x768.jpg 1024w, https:\/\/zonaroja.com.mx\/wp-content\/uploads\/2019\/06\/4d67c29f-1949-45b2-9b95-0d25e1b5b912-1-300x225.jpg 300w, https:\/\/zonaroja.com.mx\/wp-content\/uploads\/2019\/06\/4d67c29f-1949-45b2-9b95-0d25e1b5b912-1-768x576.jpg 768w, https:\/\/zonaroja.com.mx\/wp-content\/uploads\/2019\/06\/4d67c29f-1949-45b2-9b95-0d25e1b5b912-1-1170x878.jpg 1170w, https:\/\/zonaroja.com.mx\/wp-content\/uploads\/2019\/06\/4d67c29f-1949-45b2-9b95-0d25e1b5b912-1-585x439.jpg 585w, https:\/\/zonaroja.com.mx\/wp-content\/uploads\/2019\/06\/4d67c29f-1949-45b2-9b95-0d25e1b5b912-1.jpg 1280w\" sizes=\"(max-width: 1024px) 100vw, 1024px\" \/><\/figure>\n","protected":false},"excerpt":{"rendered":"<p>Evlin Arag\u00f3n Oaxaca de Ju\u00e1rez, Oax., 27 de junio de 2019.- Con la voz entrecortada&hellip;<\/p>\n","protected":false},"author":2,"featured_media":1874,"comment_status":"closed","ping_status":"open","sticky":false,"template":"","format":"standard","meta":{"_lmt_disableupdate":"","_lmt_disable":"","_jetpack_memberships_contains_paid_content":false,"footnotes":""},"categories":[109,51],"tags":[247,58,246],"class_list":["post-1872","post","type-post","status-publish","format-standard","has-post-thumbnail","hentry","category-minuto-a-minuto","category-zona-roja","tag-codigo-dh","tag-oaxaca","tag-victimas-nochixtlan"],"jetpack_featured_media_url":"https:\/\/zonaroja.com.mx\/wp-content\/uploads\/2019\/06\/Conversatorio-v\u00edctimas-de-tortura-Nochixtl\u00e1n.jpg","jetpack_sharing_enabled":true,"_links":{"self":[{"href":"https:\/\/zonaroja.com.mx\/index.php?rest_route=\/wp\/v2\/posts\/1872","targetHints":{"allow":["GET"]}}],"collection":[{"href":"https:\/\/zonaroja.com.mx\/index.php?rest_route=\/wp\/v2\/posts"}],"about":[{"href":"https:\/\/zonaroja.com.mx\/index.php?rest_route=\/wp\/v2\/types\/post"}],"author":[{"embeddable":true,"href":"https:\/\/zonaroja.com.mx\/index.php?rest_route=\/wp\/v2\/users\/2"}],"replies":[{"embeddable":true,"href":"https:\/\/zonaroja.com.mx\/index.php?rest_route=%2Fwp%2Fv2%2Fcomments&post=1872"}],"version-history":[{"count":1,"href":"https:\/\/zonaroja.com.mx\/index.php?rest_route=\/wp\/v2\/posts\/1872\/revisions"}],"predecessor-version":[{"id":1875,"href":"https:\/\/zonaroja.com.mx\/index.php?rest_route=\/wp\/v2\/posts\/1872\/revisions\/1875"}],"wp:featuredmedia":[{"embeddable":true,"href":"https:\/\/zonaroja.com.mx\/index.php?rest_route=\/wp\/v2\/media\/1874"}],"wp:attachment":[{"href":"https:\/\/zonaroja.com.mx\/index.php?rest_route=%2Fwp%2Fv2%2Fmedia&parent=1872"}],"wp:term":[{"taxonomy":"category","embeddable":true,"href":"https:\/\/zonaroja.com.mx\/index.php?rest_route=%2Fwp%2Fv2%2Fcategories&post=1872"},{"taxonomy":"post_tag","embeddable":true,"href":"https:\/\/zonaroja.com.mx\/index.php?rest_route=%2Fwp%2Fv2%2Ftags&post=1872"}],"curies":[{"name":"wp","href":"https:\/\/api.w.org\/{rel}","templated":true}]}}