{"id":18721,"date":"2020-10-12T20:29:52","date_gmt":"2020-10-13T01:29:52","guid":{"rendered":"http:\/\/www.zonaroja.com.mx\/?p=18721"},"modified":"2020-10-12T20:29:56","modified_gmt":"2020-10-13T01:29:56","slug":"acusa-copuda-discriminacion-y-desprecio-de-gobierno-a-comunidades-indigenas","status":"publish","type":"post","link":"https:\/\/zonaroja.com.mx\/?p=18721","title":{"rendered":"Acusa Copuda discriminaci\u00f3n y desprecio de gobierno a comunidades ind\u00edgenas"},"content":{"rendered":"\n<p>Evlin Arag\u00f3n\/Zona Roja.<\/p>\n\n\n\n<p>Oaxaca de Ju\u00e1rez, Oax., 12 de octubre de 2020.- A un a\u00f1o de la firma de un acuerdo, integrantes de la Coordinadora de Pueblos Unidos por el Cuidado y Defensa del Agua (Copuda) marcharon este lunes por la capital del estado y clausuraron de forma simb\u00f3lica las instalaciones de la Comisi\u00f3n Nacional del Agua (Conagua), a cuya titular exigen resolver la solicitud de un nuevo decreto en la zona de Valles Centrales que permita garantizar el derecho humano al agua.&nbsp;<\/p>\n\n\n\n<p>De acuerdo con las y los manifestantes, la falta de atenci\u00f3n y cumplimiento de acuerdos ejemplifica una vez m\u00e1s la discriminaci\u00f3n y el deprecio por parte de las autoridades hacia los pueblos originarios, ya que no responden, no los reciben y por el contrario son omisas ante las necesidades que por m\u00e1s de quince a\u00f1os han hecho evidentes.&nbsp;&nbsp;<\/p>\n\n\n\n<p>\u201cA un a\u00f1o esos acuerdos no se han cumplido, a un a\u00f1o la concesi\u00f3n colectiva para los 16 pueblos no se ha entregado, a un a\u00f1o la Consejer\u00eda Jur\u00eddica de la Rep\u00fablica Mexicana no ha dado respuesta legal de la petici\u00f3n que se les hizo, hay varios pendientes que nos obligan a salir a las calles\u201d, refirieron.&nbsp;&nbsp;&nbsp;<\/p>\n\n\n\n<p>Lamentaron que a pesar de que el 80 por ciento de la biodiversidad del planeta est\u00e1 en territorios ind\u00edgenas, as\u00ed como el 49 por ciento de las cuencas m\u00e1s grandes del pa\u00eds, las poblaciones y sus habitantes siguen siendo ignoradas por parte de las autoridades de los tres \u00f3rdenes de gobierno.<\/p>\n\n\n\n<p>Durante su protesta, en la colonia Reforma de la capital, exigieron audiencia con el Presidente de la Rep\u00fablica, Andr\u00e9s Manuel L\u00f3pez Obrador a fin de exponer su caso y solicitar su intervenci\u00f3n para que se les reconozca su derecho territorial y al agua; as\u00ed como el cumplimiento inmediato del acuerdo formado por la titular de Conagua, Blanca Jim\u00e9nez Cisneros, el a\u00f1o pasado.&nbsp;<\/p>\n\n\n\n<p>Recordaron que fue el pasado 12 de octubre del 2019 que las 16 comunidades que integran la Copuda firmaron un acuerdo con la instancia federal y el Estado mexicano quienes reconocieron la administraci\u00f3n comunitaria del agua y el leg\u00edtimo derecho de las comunidades a decidir y cuidar las aguas en su territorio.&nbsp;&nbsp;<\/p>\n\n\n\n<p>Sin embargo, a un a\u00f1o de los hechos no se han hecho efectivos los compromisos, mostrando una completa falta de voluntad pol\u00edtica en perjuicio de las comunidades<\/p>\n\n\n\n<p>y sus respectivas poblaciones, por lo que este lunes realizaron una clausura simb\u00f3lica de las instalaciones centrales de Conagua.<\/p>\n\n\n\n<p>Finalmente denunciaron que la Ley de Aguas vigente violenta sus derechos colectivos y es aprovechada para aplicar medidas discriminatorias, permitiendo el saqueo del recurso h\u00eddrico y negando a las comunidades su leg\u00edtimo derecho sobre el vital l\u00edquido.<\/p>\n\n\n\n<p>Desde el 2005, las 16 comunidades zapotecas de la regi\u00f3n de Valles Centrales han emprendido acciones para revertir la sequ\u00eda que azot\u00f3 la regi\u00f3n y dej\u00f3 sin agua a la poblaci\u00f3n, adem\u00e1s de enfrentarse al abandono gubernamental ya que la Conagua nunca atendi\u00f3 la problem\u00e1tica en tiempo y forma.&nbsp;&nbsp;<\/p>\n","protected":false},"excerpt":{"rendered":"<p>Evlin Arag\u00f3n\/Zona Roja. Oaxaca de Ju\u00e1rez, Oax., 12 de octubre de 2020.- A un a\u00f1o&hellip;<\/p>\n","protected":false},"author":2,"featured_media":18722,"comment_status":"closed","ping_status":"open","sticky":false,"template":"","format":"standard","meta":{"_lmt_disableupdate":"","_lmt_disable":"","_jetpack_memberships_contains_paid_content":false,"footnotes":""},"categories":[109,47],"tags":[1686,1896],"class_list":["post-18721","post","type-post","status-publish","format-standard","has-post-thumbnail","hentry","category-minuto-a-minuto","category-zona-gris","tag-comision-nacional-del-agua-conagua","tag-coordinadora-de-pueblos-unidos-por-el-cuidado-y-defensa-del-agua-copuda"],"jetpack_featured_media_url":"https:\/\/zonaroja.com.mx\/wp-content\/uploads\/2020\/10\/Protesta-en-Conagua-Oaxaca.jpg","jetpack_sharing_enabled":true,"_links":{"self":[{"href":"https:\/\/zonaroja.com.mx\/index.php?rest_route=\/wp\/v2\/posts\/18721","targetHints":{"allow":["GET"]}}],"collection":[{"href":"https:\/\/zonaroja.com.mx\/index.php?rest_route=\/wp\/v2\/posts"}],"about":[{"href":"https:\/\/zonaroja.com.mx\/index.php?rest_route=\/wp\/v2\/types\/post"}],"author":[{"embeddable":true,"href":"https:\/\/zonaroja.com.mx\/index.php?rest_route=\/wp\/v2\/users\/2"}],"replies":[{"embeddable":true,"href":"https:\/\/zonaroja.com.mx\/index.php?rest_route=%2Fwp%2Fv2%2Fcomments&post=18721"}],"version-history":[{"count":1,"href":"https:\/\/zonaroja.com.mx\/index.php?rest_route=\/wp\/v2\/posts\/18721\/revisions"}],"predecessor-version":[{"id":18723,"href":"https:\/\/zonaroja.com.mx\/index.php?rest_route=\/wp\/v2\/posts\/18721\/revisions\/18723"}],"wp:featuredmedia":[{"embeddable":true,"href":"https:\/\/zonaroja.com.mx\/index.php?rest_route=\/wp\/v2\/media\/18722"}],"wp:attachment":[{"href":"https:\/\/zonaroja.com.mx\/index.php?rest_route=%2Fwp%2Fv2%2Fmedia&parent=18721"}],"wp:term":[{"taxonomy":"category","embeddable":true,"href":"https:\/\/zonaroja.com.mx\/index.php?rest_route=%2Fwp%2Fv2%2Fcategories&post=18721"},{"taxonomy":"post_tag","embeddable":true,"href":"https:\/\/zonaroja.com.mx\/index.php?rest_route=%2Fwp%2Fv2%2Ftags&post=18721"}],"curies":[{"name":"wp","href":"https:\/\/api.w.org\/{rel}","templated":true}]}}