{"id":18727,"date":"2020-10-12T21:19:35","date_gmt":"2020-10-13T02:19:35","guid":{"rendered":"http:\/\/www.zonaroja.com.mx\/?p=18727"},"modified":"2020-10-12T21:19:39","modified_gmt":"2020-10-13T02:19:39","slug":"al-50-de-ocupacion-hospital-de-tuxtepec-por-repunte-de-covid-en-la-cuenca","status":"publish","type":"post","link":"https:\/\/zonaroja.com.mx\/?p=18727","title":{"rendered":"Al 50% de ocupaci\u00f3n Hospital de Tuxtepec, por repunte de Covid en la Cuenca"},"content":{"rendered":"\n<p>Yuridiana Sosa\/Zona Roja.<\/p>\n\n\n\n<p>San Juan Bautista Tuxtepec, Oax., 12 de octubre de 2020.- El incremento de casos de coronavirus en la regi\u00f3n de la Cuenca en las \u00faltimas dos semanas, tambi\u00e9n hizo repuntar la ocupaci\u00f3n de camas en el Hospital Regional de Tuxtepec, perteneciente a los Servicios de Salud de Oaxaca (SSO), que se mantiene al 50 por ciento.<\/p>\n\n\n\n<p>As\u00ed lo dio a conocer el jefe de la Jurisdicci\u00f3n Sanitaria 03, Mois\u00e9s Montalvo Aspr\u00f3n, quien se\u00f1al\u00f3 que en dos semanas se han registrado 119 nuevos casos para la zona, con un acumulado de mil 795 contagios y 245 defunciones.<\/p>\n\n\n\n<p>Al corte de este lunes, dijo, nueve camas de las 18 disponibles del \u00e1rea Covid en el nosocomio regional se encontraban ocupadas, mientras que en semanas anteriores la ocupaci\u00f3n era de cuatro aproximadamente.<\/p>\n\n\n\n<p>En el Hospital de Zona 3 del IMSS son tres las camas con pacientes enfermos de Covid y dos en el Hospital del ISSSTE de Tuxtepec, pero de no acatar con las medidas pertinentes para frenar los contagios, se pueden volver a saturar las 65 camas Covid disponibles de forma general entre los diferentes sistemas de salud, como ocurri\u00f3 en el mes de julio y agosto.<\/p>\n\n\n\n<p>La tarde de este lunes, los Servicios de Salud de Oaxaca a trav\u00e9s de la Jurisdicci\u00f3n n\u00famero 03, y las autoridades municipales de Tuxtepec arrancaron la jornada de lucha contra la transmisi\u00f3n del dengue, zika y chikungunya.<\/p>\n\n\n\n<p>El jefe de la Jurisdicci\u00f3n se\u00f1al\u00f3 que esta regi\u00f3n al norte de Oaxaca es una de las zonas m\u00e1s propensas en la entidad en padecer m\u00e1s casos de dengue por las caracter\u00edsticas en el medio ambiente, aptas para la propagaci\u00f3n del mosquito trasmisor de estos padecimientos.<\/p>\n\n\n\n<p>Precis\u00f3 que cuando existe la colaboraci\u00f3n y trabajo desde casa para controlar esta enfermedad es innecesaria la nebulizaci\u00f3n espacial, a trav\u00e9s de la cual no s\u00f3lo se eliminan a los mosquitos, tambi\u00e9n afecta la vida de otras especies como son abejas y mariposas, por lo que llam\u00f3 a la poblaci\u00f3n a no ocupar esta medida como la \u00fanica v\u00eda para eliminar al mosquito trasmisor del dengue.<\/p>\n","protected":false},"excerpt":{"rendered":"<p>Yuridiana Sosa\/Zona Roja. San Juan Bautista Tuxtepec, Oax., 12 de octubre de 2020.- El incremento&hellip;<\/p>\n","protected":false},"author":2,"featured_media":18728,"comment_status":"closed","ping_status":"open","sticky":false,"template":"","format":"standard","meta":{"_lmt_disableupdate":"","_lmt_disable":"","_jetpack_memberships_contains_paid_content":false,"footnotes":""},"categories":[109,47],"tags":[1512],"class_list":["post-18727","post","type-post","status-publish","format-standard","has-post-thumbnail","hentry","category-minuto-a-minuto","category-zona-gris","tag-coronavirus-oaxaca"],"jetpack_featured_media_url":"https:\/\/zonaroja.com.mx\/wp-content\/uploads\/2020\/10\/Hospital-General-Tuxtepec.jpg","jetpack_sharing_enabled":true,"_links":{"self":[{"href":"https:\/\/zonaroja.com.mx\/index.php?rest_route=\/wp\/v2\/posts\/18727","targetHints":{"allow":["GET"]}}],"collection":[{"href":"https:\/\/zonaroja.com.mx\/index.php?rest_route=\/wp\/v2\/posts"}],"about":[{"href":"https:\/\/zonaroja.com.mx\/index.php?rest_route=\/wp\/v2\/types\/post"}],"author":[{"embeddable":true,"href":"https:\/\/zonaroja.com.mx\/index.php?rest_route=\/wp\/v2\/users\/2"}],"replies":[{"embeddable":true,"href":"https:\/\/zonaroja.com.mx\/index.php?rest_route=%2Fwp%2Fv2%2Fcomments&post=18727"}],"version-history":[{"count":1,"href":"https:\/\/zonaroja.com.mx\/index.php?rest_route=\/wp\/v2\/posts\/18727\/revisions"}],"predecessor-version":[{"id":18729,"href":"https:\/\/zonaroja.com.mx\/index.php?rest_route=\/wp\/v2\/posts\/18727\/revisions\/18729"}],"wp:featuredmedia":[{"embeddable":true,"href":"https:\/\/zonaroja.com.mx\/index.php?rest_route=\/wp\/v2\/media\/18728"}],"wp:attachment":[{"href":"https:\/\/zonaroja.com.mx\/index.php?rest_route=%2Fwp%2Fv2%2Fmedia&parent=18727"}],"wp:term":[{"taxonomy":"category","embeddable":true,"href":"https:\/\/zonaroja.com.mx\/index.php?rest_route=%2Fwp%2Fv2%2Fcategories&post=18727"},{"taxonomy":"post_tag","embeddable":true,"href":"https:\/\/zonaroja.com.mx\/index.php?rest_route=%2Fwp%2Fv2%2Ftags&post=18727"}],"curies":[{"name":"wp","href":"https:\/\/api.w.org\/{rel}","templated":true}]}}