{"id":18738,"date":"2020-10-13T07:30:18","date_gmt":"2020-10-13T12:30:18","guid":{"rendered":"http:\/\/www.zonaroja.com.mx\/?p=18738"},"modified":"2020-10-13T07:30:21","modified_gmt":"2020-10-13T12:30:21","slug":"constatan-diputados-avances-en-el-corredor-interoceanico-del-istmo","status":"publish","type":"post","link":"https:\/\/zonaroja.com.mx\/?p=18738","title":{"rendered":"Constatan diputados avances en el Corredor Interoce\u00e1nico del Istmo"},"content":{"rendered":"\n<p>Redacci\u00f3n\/Zona Roja.<\/p>\n\n\n\n<p>Oaxaca de Ju\u00e1rez, Oax., 13 octubre de 2020.- Integrantes del Poder Legislativo de Oaxaca, empresarios, funcionarios estatales y federales, constataron los avances del Corredor Multimodal Interoce\u00e1nico, en la regi\u00f3n del Istmo de Tehuantepec.<\/p>\n\n\n\n<p>El diputado local por el distrito de Tehuantepec, P\u00e1vel Mel\u00e9ndez Cruz, inform\u00f3 que tras verificar de manera presencial los trabajos de la rehabilitaci\u00f3n de las v\u00edas del ferrocarril desde Ciudad Ixtepec hasta Tehuantepec, as\u00ed como las obras del Puerto de Salina Cruz, el avance es notable y significativo.<\/p>\n\n\n\n<p>\u201cEn el Congreso del Estado tienen ustedes a estrat\u00e9gicos aliados. Nosotros podemos darle certidumbre jur\u00eddica a todo lo que se necesite para el Corredor Interoce\u00e1nico. Cuentan con nosotros porque compartimos con el presidente de M\u00e9xico la visi\u00f3n de desarrollo\u201d, enfatiz\u00f3.<\/p>\n\n\n\n<p>Dicho proyecto busca hacer m\u00e1s eficiente el enlace entre los puertos de Coatzacoalcos, Veracruz, y Salina Cruz, Oaxaca, mediante la modernizaci\u00f3n de la infraestructura ferrocarrilera, portuaria, aeroportuaria y carretera.<\/p>\n\n\n\n<p>El Corredor Interoce\u00e1nico es de suma importancia, pues contempla la rehabilitaci\u00f3n de 309 kil\u00f3metros de v\u00eda ferroviaria, con una inversi\u00f3n de tres mil 900 millones de pesos, lo que permitir\u00e1 la reducci\u00f3n de tiempos de traslado, de 7.5 horas a cuatro horas.<\/p>\n\n\n\n<p>En el recorrido participaron congresistas integrantes de la Comisi\u00f3n Permanente del Corredor Interoce\u00e1nico del Congreso local, encabezada por la representante popular, Leticia Collado Soto, as\u00ed como al coordinador general de Relaciones Internacionales del gobierno de Oaxaca y enlace del mismo ante el Programa para el Desarrollo del Istmo de Tehuantepec, Pedro Matar.<\/p>\n","protected":false},"excerpt":{"rendered":"<p>Redacci\u00f3n\/Zona Roja. Oaxaca de Ju\u00e1rez, Oax., 13 octubre de 2020.- Integrantes del Poder Legislativo de&hellip;<\/p>\n","protected":false},"author":2,"featured_media":18739,"comment_status":"closed","ping_status":"open","sticky":false,"template":"","format":"standard","meta":{"_lmt_disableupdate":"","_lmt_disable":"","_jetpack_memberships_contains_paid_content":false,"footnotes":""},"categories":[109,46],"tags":[213],"class_list":["post-18738","post","type-post","status-publish","format-standard","has-post-thumbnail","hentry","category-minuto-a-minuto","category-zona-blanca","tag-64-legislatura-de-oaxaca"],"jetpack_featured_media_url":"https:\/\/zonaroja.com.mx\/wp-content\/uploads\/2020\/10\/FOTO-2.2-Constatan-Congresistas-locales-avances-en-el-Corredor-Interoceanico-del-Istmo-de-Tehuantepec.jpg","jetpack_sharing_enabled":true,"_links":{"self":[{"href":"https:\/\/zonaroja.com.mx\/index.php?rest_route=\/wp\/v2\/posts\/18738","targetHints":{"allow":["GET"]}}],"collection":[{"href":"https:\/\/zonaroja.com.mx\/index.php?rest_route=\/wp\/v2\/posts"}],"about":[{"href":"https:\/\/zonaroja.com.mx\/index.php?rest_route=\/wp\/v2\/types\/post"}],"author":[{"embeddable":true,"href":"https:\/\/zonaroja.com.mx\/index.php?rest_route=\/wp\/v2\/users\/2"}],"replies":[{"embeddable":true,"href":"https:\/\/zonaroja.com.mx\/index.php?rest_route=%2Fwp%2Fv2%2Fcomments&post=18738"}],"version-history":[{"count":1,"href":"https:\/\/zonaroja.com.mx\/index.php?rest_route=\/wp\/v2\/posts\/18738\/revisions"}],"predecessor-version":[{"id":18740,"href":"https:\/\/zonaroja.com.mx\/index.php?rest_route=\/wp\/v2\/posts\/18738\/revisions\/18740"}],"wp:featuredmedia":[{"embeddable":true,"href":"https:\/\/zonaroja.com.mx\/index.php?rest_route=\/wp\/v2\/media\/18739"}],"wp:attachment":[{"href":"https:\/\/zonaroja.com.mx\/index.php?rest_route=%2Fwp%2Fv2%2Fmedia&parent=18738"}],"wp:term":[{"taxonomy":"category","embeddable":true,"href":"https:\/\/zonaroja.com.mx\/index.php?rest_route=%2Fwp%2Fv2%2Fcategories&post=18738"},{"taxonomy":"post_tag","embeddable":true,"href":"https:\/\/zonaroja.com.mx\/index.php?rest_route=%2Fwp%2Fv2%2Ftags&post=18738"}],"curies":[{"name":"wp","href":"https:\/\/api.w.org\/{rel}","templated":true}]}}