{"id":18745,"date":"2020-10-13T12:30:44","date_gmt":"2020-10-13T17:30:44","guid":{"rendered":"https:\/\/www.zonaroja.com.mx\/?p=18745"},"modified":"2020-10-13T12:30:47","modified_gmt":"2020-10-13T17:30:47","slug":"a-mi-me-han-visto-hacer-algo-o-que-ironiza-murat-sobre-injerencia-en-la-uabjo","status":"publish","type":"post","link":"https:\/\/zonaroja.com.mx\/?p=18745","title":{"rendered":"\u201c\u00bfA m\u00ed me han visto hacer algo o qu\u00e9?\u201d, ironiza Murat sobre injerencia en la UABJO"},"content":{"rendered":"\n<p class=\"MsoNormal\">Yuridiana Sosa\/Zona Roja. <\/p>\n\n\n\n<p class=\"MsoNormal\">Oaxaca de Ju\u00e1rez, Oax., 13 de octubre de 2020.- \u201c\u00bfA m\u00ed, me han visto hacer algo, o qu\u00e9?\u201d.<\/p>\n\n\n\n<p class=\"MsoNormal\">As\u00ed ironiz\u00f3 el titular del Ejecutivo de Oaxaca, Alejandro Murat Hinojosa, respecto a la presunta injerencia del gobierno en la autonom\u00eda en la UABJO.<\/p>\n\n\n\n<p class=\"MsoNormal\">Entrevistado por diversos medios de comunicaci\u00f3n, el gobernador se deslind\u00f3 de intervenir en la decisi\u00f3n de la sucesi\u00f3n del rector de la Universidad e indic\u00f3 que es respetuoso de la autonom\u00eda de la vida universitaria de la m\u00e1xima casa de estudios en la entidad.<\/p>\n\n\n\n<p class=\"MsoNormal\">\u201cAl rev\u00e9s, incentivo a la autonom\u00eda universitaria y los universitarios tendr\u00e1n que decidir\u201d, replic\u00f3 el mandatario a los se\u00f1alamientos que lo vinculan con el conflicto que ha surgido por la supuesta imposici\u00f3n de un rector desde el Gobierno del Estado.<\/p>\n\n\n\n<p class=\"MsoNormal\">Murat emiti\u00f3 su opini\u00f3n luego de tres d\u00edas que dicha informaci\u00f3n comenz\u00f3 a circular en diversos medios y lo hizo por medio de los cuestionamientos de la prensa.<\/p>\n\n\n\n<p class=\"MsoNormal\">Rechaz\u00f3 su participaci\u00f3n, apuntando que para realizar la elecci\u00f3n de un rector, la Universidad cuenta con su propia ley y quien tenga aspiraciones \u201cque se apunte, as\u00ed como han se\u00f1alado corrupci\u00f3n y la defensa de los procesos normativos\u201d.<\/p>\n\n\n\n<p class=\"MsoNormal\">Reiter\u00f3 que siempre se ha pronunciado por la autonom\u00eda de las universidades p\u00fablicas, as\u00ed como manifestado su respeto a las comunidades universitarias y de las decisiones que tomen, por lo que s\u00f3lo participar\u00e1 como espectador de lo que ocurra al interior de la UABJO con el cambio del rector.<\/p>\n\n\n\n<p>A trav\u00e9s de diversos medios, se ha buscado posicionar a Gilberto Gamboa Medina como prospecto para ser impuesto a la rector\u00eda de la Universidad Aut\u00f3noma \u201cBenito Ju\u00e1rez\u201d de Oaxaca, pese a no ser universitario y fungir actualmente como funcionario del Gobierno del Estado.<\/p>\n","protected":false},"excerpt":{"rendered":"<p>Yuridiana Sosa\/Zona Roja. Oaxaca de Ju\u00e1rez, Oax., 13 de octubre de 2020.- \u201c\u00bfA m\u00ed, me&hellip;<\/p>\n","protected":false},"author":2,"featured_media":18744,"comment_status":"closed","ping_status":"open","sticky":false,"template":"","format":"standard","meta":{"_lmt_disableupdate":"","_lmt_disable":"","_jetpack_memberships_contains_paid_content":false,"footnotes":""},"categories":[109,47],"tags":[102],"class_list":["post-18745","post","type-post","status-publish","format-standard","has-post-thumbnail","hentry","category-minuto-a-minuto","category-zona-gris","tag-alejandro-murat"],"jetpack_featured_media_url":"https:\/\/zonaroja.com.mx\/wp-content\/uploads\/2020\/10\/img_2204.jpg","jetpack_sharing_enabled":true,"_links":{"self":[{"href":"https:\/\/zonaroja.com.mx\/index.php?rest_route=\/wp\/v2\/posts\/18745","targetHints":{"allow":["GET"]}}],"collection":[{"href":"https:\/\/zonaroja.com.mx\/index.php?rest_route=\/wp\/v2\/posts"}],"about":[{"href":"https:\/\/zonaroja.com.mx\/index.php?rest_route=\/wp\/v2\/types\/post"}],"author":[{"embeddable":true,"href":"https:\/\/zonaroja.com.mx\/index.php?rest_route=\/wp\/v2\/users\/2"}],"replies":[{"embeddable":true,"href":"https:\/\/zonaroja.com.mx\/index.php?rest_route=%2Fwp%2Fv2%2Fcomments&post=18745"}],"version-history":[{"count":1,"href":"https:\/\/zonaroja.com.mx\/index.php?rest_route=\/wp\/v2\/posts\/18745\/revisions"}],"predecessor-version":[{"id":18746,"href":"https:\/\/zonaroja.com.mx\/index.php?rest_route=\/wp\/v2\/posts\/18745\/revisions\/18746"}],"wp:featuredmedia":[{"embeddable":true,"href":"https:\/\/zonaroja.com.mx\/index.php?rest_route=\/wp\/v2\/media\/18744"}],"wp:attachment":[{"href":"https:\/\/zonaroja.com.mx\/index.php?rest_route=%2Fwp%2Fv2%2Fmedia&parent=18745"}],"wp:term":[{"taxonomy":"category","embeddable":true,"href":"https:\/\/zonaroja.com.mx\/index.php?rest_route=%2Fwp%2Fv2%2Fcategories&post=18745"},{"taxonomy":"post_tag","embeddable":true,"href":"https:\/\/zonaroja.com.mx\/index.php?rest_route=%2Fwp%2Fv2%2Ftags&post=18745"}],"curies":[{"name":"wp","href":"https:\/\/api.w.org\/{rel}","templated":true}]}}