{"id":18752,"date":"2020-10-13T20:32:47","date_gmt":"2020-10-14T01:32:47","guid":{"rendered":"http:\/\/www.zonaroja.com.mx\/?p=18752"},"modified":"2020-10-13T20:32:51","modified_gmt":"2020-10-14T01:32:51","slug":"denuncian-a-edil-de-juxtlahuaca-de-no-entregar-recursos-presupuestales","status":"publish","type":"post","link":"https:\/\/zonaroja.com.mx\/?p=18752","title":{"rendered":"Denuncian a edil de Juxtlahuaca de no entregar recursos presupuestales"},"content":{"rendered":"\n<p>Evlin Arag\u00f3n\/Zona Roja.<\/p>\n\n\n\n<p>Oaxaca de Ju\u00e1rez, Oax., 13 de octubre de 2020.- Habitantes de las localidades de La Sabana, Tierra Blanca, Yutazan\u00ed y Llano de Ju\u00e1rez Copala, pertenecientes a la zona Triqui de Oaxaca, bloquearon por unas horas la avenida Ju\u00e1rez de la capital del estado y la Casa Oficial, para denunciar irregularidades en el ayuntamiento de Santiago Juxtlahuaca.<\/p>\n\n\n\n<p>Lo anterior, para exigir la intervenci\u00f3n del gobernador Alejandro Murat Hinojosa en una problem\u00e1tica que lleva m\u00e1s de veinte meses sin resolverse y en la que solicitan la asignaci\u00f3n de los recursos p\u00fablicos de los ramos 28 y 33 por parte de edil Nicol\u00e1s Feria Romero.<\/p>\n\n\n\n<p>\u201cNosotros lo que estamos exigiendo es que el se\u00f1or gobernador intervenga en este asunto para que se le indique al presidente de Juxtlahuaca que lo \u00fanico que tiene que hacer es cumplir con sus obligaciones y entregar el recurso a las comunidades\u201d, refirieron ante los medios de comunicaci\u00f3n.&nbsp;<\/p>\n\n\n\n<p>Explicaron que no est\u00e1n pidiendo otra cosa que no sea lo que por ley le corresponde a cada una de las localidades triquis, las cuales desde hace d\u00e9cadas padecen de falta de desarrollo debido a la insensibilidad y omisi\u00f3n por parte de las autoridades.&nbsp;<\/p>\n\n\n\n<p>As\u00ed mismo, detallaron que no buscan favores pol\u00edticos y \u00fanicamente quieren la asignaci\u00f3n del presupuesto, retenido sin ninguna justificaci\u00f3n desde el 2018 y que asciende a nueve millones 500 mil pesos, a fin de que permite el impulso del desarrollo de las comunidades.<\/p>\n\n\n\n<p>Finalmente, indicaron que el edil se ha mostrado intransigente e insensible ante la necesidad de la poblaci\u00f3n Triqui, raz\u00f3n por la que desde el mes pasado se dieron cita en la capital para dar a conocer la problem\u00e1tica a la que se enfrentan ante la falta de presupuesto.&nbsp;<\/p>\n\n\n\n<p>Recordaron que han pasado 20 meses de la denuncia p\u00fablica sobre la retenci\u00f3n de la entrega de los recursos, misma que deriv\u00f3 en un \u201cplant\u00f3n\u201d que tampoco fue tomado en cuenta por la autoridad municipal, raz\u00f3n por la que insistieron en la intervenci\u00f3n del gobernador de Oaxaca, Alejandro Murat, para dar soluci\u00f3n a la problem\u00e1tica antes de que las cosas escalen a mayores.\u00a0\u00a0<\/p>\n\n\n\n<figure class=\"wp-block-image size-large\"><img decoding=\"async\" width=\"650\" height=\"565\" src=\"http:\/\/www.zonaroja.com.mx\/wp-content\/uploads\/2020\/10\/Protesta-Ciudad-Administrativa.jpg\" alt=\"\" class=\"wp-image-18754\" srcset=\"https:\/\/zonaroja.com.mx\/wp-content\/uploads\/2020\/10\/Protesta-Ciudad-Administrativa.jpg 650w, https:\/\/zonaroja.com.mx\/wp-content\/uploads\/2020\/10\/Protesta-Ciudad-Administrativa-300x261.jpg 300w, https:\/\/zonaroja.com.mx\/wp-content\/uploads\/2020\/10\/Protesta-Ciudad-Administrativa-585x509.jpg 585w\" sizes=\"(max-width: 650px) 100vw, 650px\" \/><\/figure>\n\n\n\n<p>OTRA PROTESTA<\/p>\n\n\n\n<p>Por si no fuera poco y dado que las movilizaciones se han vuelto una constante, pese a la contingencia sanitaria, representantes de comunidades y ejidos de Valles Centrales, cerraron los accesos de Ciudad Administrativa para exigir el pago de servicios ambientales a trav\u00e9s de fondos concurrentes.&nbsp;<\/p>\n\n\n\n<p>De acuerdo con los manifestantes es obligaci\u00f3n de la Secretar\u00eda de Finanzas, y su titular Vicente Mendoza T\u00e9llez Gir\u00f3n, realizar el dep\u00f3sito que tiene un atraso de dos meses y se requiere para el cuidado de los bosques, pulmones y proveedores de agua a la capital del estado.&nbsp;<\/p>\n\n\n\n<p>Se trata de las localidades de San Miguel, San Gabriel, San Pablo Etla, y San Agust\u00edn, todas pertenecientes al valle Eteco, as\u00ed como los ej\u00eddos San Andr\u00e9s Ixtlahuaca, Donaj\u00ed, Santa Ana del Valle, San Bartolom\u00e9 Quialana, Uni\u00f3n Zapata, Villa de Mitla y Santa Catarina Albarradas.&nbsp;<\/p>\n\n\n\n<p>Meses atr\u00e1s hab\u00edan realizado una protesta similar, en que el gobierno se hab\u00eda comprometido a liberar los recursos, lo cual no ocurri\u00f3.<\/p>\n","protected":false},"excerpt":{"rendered":"<p>Evlin Arag\u00f3n\/Zona Roja. Oaxaca de Ju\u00e1rez, Oax., 13 de octubre de 2020.- Habitantes de las&hellip;<\/p>\n","protected":false},"author":2,"featured_media":18753,"comment_status":"closed","ping_status":"open","sticky":false,"template":"","format":"standard","meta":{"_lmt_disableupdate":"","_lmt_disable":"","_jetpack_memberships_contains_paid_content":false,"footnotes":""},"categories":[109,47],"tags":[1855,826],"class_list":["post-18752","post","type-post","status-publish","format-standard","has-post-thumbnail","hentry","category-minuto-a-minuto","category-zona-gris","tag-nicolas-feria-romero","tag-santiago-juxtlahuaca"],"jetpack_featured_media_url":"https:\/\/zonaroja.com.mx\/wp-content\/uploads\/2020\/10\/Protesta-triquis-Juxtlahuaca.jpg","jetpack_sharing_enabled":true,"_links":{"self":[{"href":"https:\/\/zonaroja.com.mx\/index.php?rest_route=\/wp\/v2\/posts\/18752","targetHints":{"allow":["GET"]}}],"collection":[{"href":"https:\/\/zonaroja.com.mx\/index.php?rest_route=\/wp\/v2\/posts"}],"about":[{"href":"https:\/\/zonaroja.com.mx\/index.php?rest_route=\/wp\/v2\/types\/post"}],"author":[{"embeddable":true,"href":"https:\/\/zonaroja.com.mx\/index.php?rest_route=\/wp\/v2\/users\/2"}],"replies":[{"embeddable":true,"href":"https:\/\/zonaroja.com.mx\/index.php?rest_route=%2Fwp%2Fv2%2Fcomments&post=18752"}],"version-history":[{"count":1,"href":"https:\/\/zonaroja.com.mx\/index.php?rest_route=\/wp\/v2\/posts\/18752\/revisions"}],"predecessor-version":[{"id":18755,"href":"https:\/\/zonaroja.com.mx\/index.php?rest_route=\/wp\/v2\/posts\/18752\/revisions\/18755"}],"wp:featuredmedia":[{"embeddable":true,"href":"https:\/\/zonaroja.com.mx\/index.php?rest_route=\/wp\/v2\/media\/18753"}],"wp:attachment":[{"href":"https:\/\/zonaroja.com.mx\/index.php?rest_route=%2Fwp%2Fv2%2Fmedia&parent=18752"}],"wp:term":[{"taxonomy":"category","embeddable":true,"href":"https:\/\/zonaroja.com.mx\/index.php?rest_route=%2Fwp%2Fv2%2Fcategories&post=18752"},{"taxonomy":"post_tag","embeddable":true,"href":"https:\/\/zonaroja.com.mx\/index.php?rest_route=%2Fwp%2Fv2%2Ftags&post=18752"}],"curies":[{"name":"wp","href":"https:\/\/api.w.org\/{rel}","templated":true}]}}