{"id":1876,"date":"2019-06-27T15:50:05","date_gmt":"2019-06-27T20:50:05","guid":{"rendered":"http:\/\/www.zonaroja.com.mx\/?p=1876"},"modified":"2019-06-27T15:50:07","modified_gmt":"2019-06-27T20:50:07","slug":"nuevo-titular-de-sspo-participo-en-represion-en-nochixtlan","status":"publish","type":"post","link":"https:\/\/zonaroja.com.mx\/?p=1876","title":{"rendered":"Nuevo titular de SSPO particip\u00f3 en represi\u00f3n en Nochixtl\u00e1n"},"content":{"rendered":"\n<p>Ismael Garc\u00eda\nM.<\/p>\n\n\n\n<p>Oaxaca de\nJu\u00e1rez, Oax., 27 de junio de 2019.- Por haber participado en el Grupo de\nCoordinaci\u00f3n que reprimi\u00f3 a maestros y pobladores en Asunci\u00f3n Nochixtl\u00e1n, el\nComit\u00e9 de V\u00edctimas por Justicia y Verdad \u201c19 de Junio\u201d rechaz\u00f3 de manera\nen\u00e9rgica el nombramiento de Ra\u00fal Ernesto Salcedo Rosales como nuevo titular de\nla Secretar\u00eda de Seguridad P\u00fablica de Oaxaca (SSPO).<\/p>\n\n\n\n<p>En un\ncomunicado, la asociaci\u00f3n que aglutina a familiares de v\u00edctimas del\nenfrentamiento ocurrido el 19 de junio de 2016, denunci\u00f3 que hasta el momento,\nel funcionario designado el pasado 25 de junio por el gobernador Alejandro\nMurat Hinojosa, se ha negado a comparecer ante el Ministerio P\u00fablico\ninvestigador para deslindar responsabilidades.<\/p>\n\n\n\n<figure class=\"wp-block-image\"><img decoding=\"async\" width=\"622\" height=\"1024\" src=\"http:\/\/www.zonaroja.com.mx\/wp-content\/uploads\/2019\/06\/0a89966d-517f-4a34-92c9-2f08c2e9e047-622x1024.jpg\" alt=\"\" class=\"wp-image-1877\" srcset=\"https:\/\/zonaroja.com.mx\/wp-content\/uploads\/2019\/06\/0a89966d-517f-4a34-92c9-2f08c2e9e047-622x1024.jpg 622w, https:\/\/zonaroja.com.mx\/wp-content\/uploads\/2019\/06\/0a89966d-517f-4a34-92c9-2f08c2e9e047-182x300.jpg 182w, https:\/\/zonaroja.com.mx\/wp-content\/uploads\/2019\/06\/0a89966d-517f-4a34-92c9-2f08c2e9e047-768x1265.jpg 768w, https:\/\/zonaroja.com.mx\/wp-content\/uploads\/2019\/06\/0a89966d-517f-4a34-92c9-2f08c2e9e047-585x964.jpg 585w, https:\/\/zonaroja.com.mx\/wp-content\/uploads\/2019\/06\/0a89966d-517f-4a34-92c9-2f08c2e9e047.jpg 777w\" sizes=\"(max-width: 622px) 100vw, 622px\" \/><\/figure>\n\n\n\n<p>Indic\u00f3 que\nd\u00edas previos al intento de desalojo con polic\u00edas federales y estatales, del\nbloqueo que hab\u00eda en la supercarretera Oaxaca-Cuacnopalan a la altura de\nNochixtl\u00e1n, el Grupo de Coordinaci\u00f3n defini\u00f3 las estrategias de ataque y ah\u00ed\nparticip\u00f3 Salcedo Rosales, como delegado del Centro de Investigaci\u00f3n en\nSeguridad Nacional (Cisen).<\/p>\n\n\n\n<p>\u201cEn ese\ntenor, nuestro rechazo rotundo al nombramiento de Salcedo Rosales como\nsecretario de Seguridad P\u00fablica\u201d, pues \u201ctuvo injerencia en la toma de decisiones\nsobre el operativo en Nochixtl\u00e1n\u201d.<\/p>\n\n\n\n<figure class=\"wp-block-image\"><img decoding=\"async\" width=\"1024\" height=\"575\" src=\"http:\/\/www.zonaroja.com.mx\/wp-content\/uploads\/2019\/06\/IMG_3821-1024x575.jpg\" alt=\"\" class=\"wp-image-1878\" srcset=\"https:\/\/zonaroja.com.mx\/wp-content\/uploads\/2019\/06\/IMG_3821-1024x575.jpg 1024w, https:\/\/zonaroja.com.mx\/wp-content\/uploads\/2019\/06\/IMG_3821-300x168.jpg 300w, https:\/\/zonaroja.com.mx\/wp-content\/uploads\/2019\/06\/IMG_3821-768x431.jpg 768w, https:\/\/zonaroja.com.mx\/wp-content\/uploads\/2019\/06\/IMG_3821-1170x657.jpg 1170w, https:\/\/zonaroja.com.mx\/wp-content\/uploads\/2019\/06\/IMG_3821-585x328.jpg 585w, https:\/\/zonaroja.com.mx\/wp-content\/uploads\/2019\/06\/IMG_3821.jpg 1240w\" sizes=\"(max-width: 1024px) 100vw, 1024px\" \/><\/figure>\n\n\n\n<p>\u201cRa\u00fal\nErnesto Salcedo Rosales hasta este momento se ha negado a comparecer ante el\nagente del Ministerio P\u00fablico federal a declarar en relaci\u00f3n a los hechos de\nNochixtl\u00e1n y su llegada como secretario es muestra clara de que a los\nresponsables de los actos de graves violaciones a derechos humanos, lejos de\nsancionarlos, se les premia\u201d, manifest\u00f3.<\/p>\n\n\n\n<p>Exigi\u00f3 al\ngobernador Murat Hinojosa que obligue a su nuevo secretario a comparecer ante\nel Ministerio P\u00fablico y deslinde responsabilidades por sus acciones y omisiones\ncometidas antes y durante el operativo de Nochixtl\u00e1n.<\/p>\n","protected":false},"excerpt":{"rendered":"<p>Ismael Garc\u00eda M. Oaxaca de Ju\u00e1rez, Oax., 27 de junio de 2019.- Por haber participado&hellip;<\/p>\n","protected":false},"author":2,"featured_media":1879,"comment_status":"closed","ping_status":"open","sticky":false,"template":"","format":"standard","meta":{"_lmt_disableupdate":"","_lmt_disable":"","_jetpack_memberships_contains_paid_content":false,"footnotes":""},"categories":[109,51],"tags":[249,248,58,231],"class_list":["post-1876","post","type-post","status-publish","format-standard","has-post-thumbnail","hentry","category-minuto-a-minuto","category-zona-roja","tag-comite-de-victimas-nochixtlan","tag-covic","tag-oaxaca","tag-raul-ernesto-salcedo-rosales"],"jetpack_featured_media_url":"https:\/\/zonaroja.com.mx\/wp-content\/uploads\/2019\/06\/IMG_1440.jpg","jetpack_sharing_enabled":true,"_links":{"self":[{"href":"https:\/\/zonaroja.com.mx\/index.php?rest_route=\/wp\/v2\/posts\/1876","targetHints":{"allow":["GET"]}}],"collection":[{"href":"https:\/\/zonaroja.com.mx\/index.php?rest_route=\/wp\/v2\/posts"}],"about":[{"href":"https:\/\/zonaroja.com.mx\/index.php?rest_route=\/wp\/v2\/types\/post"}],"author":[{"embeddable":true,"href":"https:\/\/zonaroja.com.mx\/index.php?rest_route=\/wp\/v2\/users\/2"}],"replies":[{"embeddable":true,"href":"https:\/\/zonaroja.com.mx\/index.php?rest_route=%2Fwp%2Fv2%2Fcomments&post=1876"}],"version-history":[{"count":1,"href":"https:\/\/zonaroja.com.mx\/index.php?rest_route=\/wp\/v2\/posts\/1876\/revisions"}],"predecessor-version":[{"id":1880,"href":"https:\/\/zonaroja.com.mx\/index.php?rest_route=\/wp\/v2\/posts\/1876\/revisions\/1880"}],"wp:featuredmedia":[{"embeddable":true,"href":"https:\/\/zonaroja.com.mx\/index.php?rest_route=\/wp\/v2\/media\/1879"}],"wp:attachment":[{"href":"https:\/\/zonaroja.com.mx\/index.php?rest_route=%2Fwp%2Fv2%2Fmedia&parent=1876"}],"wp:term":[{"taxonomy":"category","embeddable":true,"href":"https:\/\/zonaroja.com.mx\/index.php?rest_route=%2Fwp%2Fv2%2Fcategories&post=1876"},{"taxonomy":"post_tag","embeddable":true,"href":"https:\/\/zonaroja.com.mx\/index.php?rest_route=%2Fwp%2Fv2%2Ftags&post=1876"}],"curies":[{"name":"wp","href":"https:\/\/api.w.org\/{rel}","templated":true}]}}