{"id":18768,"date":"2020-10-14T08:10:05","date_gmt":"2020-10-14T13:10:05","guid":{"rendered":"http:\/\/www.zonaroja.com.mx\/?p=18768"},"modified":"2020-10-14T20:44:10","modified_gmt":"2020-10-15T01:44:10","slug":"masacran-a-un-individuo-en-su-camioneta-en-la-region-mixteca-de-oaxaca","status":"publish","type":"post","link":"https:\/\/zonaroja.com.mx\/?p=18768","title":{"rendered":"Masacran a un individuo en su camioneta, en la regi\u00f3n Mixteca de Oaxaca"},"content":{"rendered":"\n<p>Redacci\u00f3n\/Zona Roja.<\/p>\n\n\n\n<p>Oaxaca de Ju\u00e1rez, Oax., 14 de octubre de 2020.- Un individuo fue masacrado a balazos este martes en la localidad de San Jos\u00e9 Los Ciruelos, Santiago Tamazola, en la regi\u00f3n Mixteca de Oaxaca.<\/p>\n\n\n\n<p>De acuerdo con reportes de corporaciones de seguridad, el cuerpo fue localizado en el interior de una unidad de motor y el hombre, identificado como Sabino Osorio Silva, presenta varios disparos en el cuerpo, entre ellos en la cabeza.<\/p>\n\n\n\n<p>Hasta el momento se desconoce el m\u00f3vil del asesinato y el cad\u00e1ver fue reconocido por la hermana de la v\u00edctima, Silvia S.<\/p>\n\n\n\n<p>La camioneta marca Nissan, color roja, se hall\u00f3 en el paraje \u201cCruz de Otate\u201d y del caso tom\u00f3 conocimiento la Vicefiscal\u00eda Regional de la Mixteca.<\/p>\n\n\n\n<p>Por otra parte, elementos del Heroico Cuerpo de Bomberos de Oaxaca rescataron ayer de un pozo el cuerpo de una persona del sexo masculino, en estado de putrefacci\u00f3n.<\/p>\n\n\n\n<p>Los trabajos se efectuaron en el municipio de Villa de Tej\u00fapam de la Uni\u00f3n, tambi\u00e9n en la regi\u00f3n Mixteca del estado y hasta el momento la v\u00edctima no ha sido identificada.<\/p>\n\n\n\n<p>El Instituto de Servicios Periciales de la Fiscal\u00eda General del Estado inici\u00f3 los trabajos para identificar el cad\u00e1ver.<\/p>\n\n\n\n<p>Por otra parte, esta ma\u00f1ana se cumplieron 24 horas de desaparici\u00f3n del s\u00edndico de Santiago Tamazola, Oscar S\u00e1nchez Ruiz, y su esposa, sin que hasta el momento halla m\u00e1s pistas, solamente su camioneta abandonada.<\/p>\n","protected":false},"excerpt":{"rendered":"<p>Redacci\u00f3n\/Zona Roja. Oaxaca de Ju\u00e1rez, Oax., 14 de octubre de 2020.- Un individuo fue masacrado&hellip;<\/p>\n","protected":false},"author":2,"featured_media":13196,"comment_status":"closed","ping_status":"open","sticky":false,"template":"","format":"standard","meta":{"_lmt_disableupdate":"","_lmt_disable":"","_jetpack_memberships_contains_paid_content":false,"footnotes":""},"categories":[109,51],"tags":[2098],"class_list":["post-18768","post","type-post","status-publish","format-standard","has-post-thumbnail","hentry","category-minuto-a-minuto","category-zona-roja","tag-san-jose-los-ciruelos"],"jetpack_featured_media_url":"https:\/\/zonaroja.com.mx\/wp-content\/uploads\/2020\/06\/IMG_7822.jpg","jetpack_sharing_enabled":true,"_links":{"self":[{"href":"https:\/\/zonaroja.com.mx\/index.php?rest_route=\/wp\/v2\/posts\/18768","targetHints":{"allow":["GET"]}}],"collection":[{"href":"https:\/\/zonaroja.com.mx\/index.php?rest_route=\/wp\/v2\/posts"}],"about":[{"href":"https:\/\/zonaroja.com.mx\/index.php?rest_route=\/wp\/v2\/types\/post"}],"author":[{"embeddable":true,"href":"https:\/\/zonaroja.com.mx\/index.php?rest_route=\/wp\/v2\/users\/2"}],"replies":[{"embeddable":true,"href":"https:\/\/zonaroja.com.mx\/index.php?rest_route=%2Fwp%2Fv2%2Fcomments&post=18768"}],"version-history":[{"count":2,"href":"https:\/\/zonaroja.com.mx\/index.php?rest_route=\/wp\/v2\/posts\/18768\/revisions"}],"predecessor-version":[{"id":18804,"href":"https:\/\/zonaroja.com.mx\/index.php?rest_route=\/wp\/v2\/posts\/18768\/revisions\/18804"}],"wp:featuredmedia":[{"embeddable":true,"href":"https:\/\/zonaroja.com.mx\/index.php?rest_route=\/wp\/v2\/media\/13196"}],"wp:attachment":[{"href":"https:\/\/zonaroja.com.mx\/index.php?rest_route=%2Fwp%2Fv2%2Fmedia&parent=18768"}],"wp:term":[{"taxonomy":"category","embeddable":true,"href":"https:\/\/zonaroja.com.mx\/index.php?rest_route=%2Fwp%2Fv2%2Fcategories&post=18768"},{"taxonomy":"post_tag","embeddable":true,"href":"https:\/\/zonaroja.com.mx\/index.php?rest_route=%2Fwp%2Fv2%2Ftags&post=18768"}],"curies":[{"name":"wp","href":"https:\/\/api.w.org\/{rel}","templated":true}]}}