{"id":18773,"date":"2020-10-14T10:23:18","date_gmt":"2020-10-14T15:23:18","guid":{"rendered":"http:\/\/www.zonaroja.com.mx\/?p=18773"},"modified":"2020-10-14T10:23:23","modified_gmt":"2020-10-14T15:23:23","slug":"exigen-atender-violencia-contra-estudiantes-y-docentes-en-universidad-del-istmo","status":"publish","type":"post","link":"https:\/\/zonaroja.com.mx\/?p=18773","title":{"rendered":"Exigen atender violencia contra estudiantes y docentes en Universidad del Istmo"},"content":{"rendered":"\n<p>Evlin Arag\u00f3n\/Zona Roja.<\/p>\n\n\n\n<p>Oaxaca de Ju\u00e1rez, Oax., 14 de octubre de 2020.- Cientos de personas de Oaxaca y otras partes del pa\u00eds, as\u00ed como colectivas feministas y organizaciones de la sociedad civil, manifestaron su preocupaci\u00f3n y rechazo a la violencia de g\u00e9nero que se vive al interior de la Universidad del Istmo, Campus Ixtepec, en contra de alumnas, y el abuso de poder y hostigamiento que han ejercido sus autoridades contra el profesorado que ha dado el apoyo y acompa\u00f1amiento a las j\u00f3venes.<\/p>\n\n\n\n<p>Lo hicieron a trav\u00e9s de una carta p\u00fablica dirigida al Presidente de la Rep\u00fablica, Andr\u00e9s Manuel L\u00f3pez Obrador, la secretaria de Gobernaci\u00f3n, Olga S\u00e1nchez Cordero, y dem\u00e1s autoridades federales encargadas de las pol\u00edticas p\u00fablicas para erradicar la violencia contra las mujeres.<\/p>\n\n\n\n<p>De acuerdo con lo expuesto en el documento, desde marzo del 2019 se dio a conocer el hostigamiento y abuso sexual de docentes hacia alumnas de la licenciatura en Derecho y de la Maestr\u00eda en Derecho de la Energ\u00eda, quienes valientemente denunciaron con el acompa\u00f1amiento de las maestras Monsserrat S\u00e1nchez Moreno y Virginia Ilescas Vela.<\/p>\n\n\n\n<p>Pese a lo anterior, los se\u00f1alados como responsables han sido protegidos por las autoridades universitarias representada por Israel Flores Sandoval, Vicerrector Acad\u00e9mico; Cora Silvia Bonilla Carre\u00f3n, jefa de carrera de la Licenciatura en Derecho, y Jos\u00e9 Luis Ayala \u00c1lvarez, Abogado General quienes se negaron a iniciar alg\u00fan tipo de investigaci\u00f3n y revictimizaron a las alumnas&nbsp;<\/p>\n\n\n\n<p>As\u00ed mismo, denunciaron la campa\u00f1a de hostigamiento laboral y procedimientos administrativos ilegales contra las dos profesoras que en principio respaldaron a las j\u00f3venes y despu\u00e9s afect\u00f3 tambi\u00e9n al maestro H\u00e9ctor Ortega, por haber denunciado actos de intimidaci\u00f3n y acoso escolar contra las alumnas que decidieron alzar la voz.&nbsp;<\/p>\n\n\n\n<p>Todo bajo la anuencia del rector del Sistema de Universidades Estatales, Modesto Seara V\u00e1zquez, que en ning\u00fan momento se ha pronunciado por la violencia que han denunciado las alumnas y por el contrario ha tratado de ocultarla y distorsionar los hechos, conformando una Comisi\u00f3n Investigadora que revictimiz\u00f3 a las alumnas denunciantes interrog\u00e1ndolas el pasado 18 de marzo, sin darles el derecho a recibir acompa\u00f1amiento y asistencia.&nbsp;<\/p>\n\n\n\n<p>Las organizaciones firmantes aseguran que, pese a la complicidad de las autoridades universitarias, los funcionarios en materia de procuraci\u00f3n de justicia encontraron elementos suficientes para vincular a proceso a uno de los cuatro docentes se\u00f1alados como agresores por el delito de hostigamiento sexual, lo cual no ha sido suficiente para que el imputado sea separado del cargo mientras se resuelve su situaci\u00f3n legal.&nbsp;<\/p>\n\n\n\n<p>Por lo anterior solicitaron la suspensi\u00f3n inmediata de los profesores sujetos a investigaciones por violencia sexual que realiza la Fiscal\u00eda General del Estado, ya que el contar con clases en condiciones normales, pone en riesgo la integridad de las alumnas de ese plantel.&nbsp;<\/p>\n\n\n\n<p>As\u00ed mismo la renuncia de las autoridades del centro educativo, que lejos de atender la denuncia de las j\u00f3venes, se han encargado de encubrir a los se\u00f1alados, intimidar a las alumnas y hostigar a docentes que respaldaron a las estudiantes, quienes siguen sus procedimientos legales con el acompa\u00f1amiento de la Red Nacional de Abogadas Ind\u00edgenas.<\/p>\n\n\n\n<p>Exigieron tambi\u00e9n el cumplimiento de las medidas cautelares a favor de las alumnas y profesoras, as\u00ed como el cese al hostigamiento de estas \u00faltimas, sin dejar de nombrar las modificaciones a la legislaci\u00f3n universitaria para sancionar la violencia de g\u00e9nero y la creaci\u00f3n de un protocolo universitaria para atender este tipo de casos.<\/p>\n\n\n\n<p>Finalmente, pidieron investigaciones \u00e1giles y transparentes por parte de las instancias de procuraci\u00f3n de justicia y derechos humanos a nivel estatal, as\u00ed como la intervenci\u00f3n de las instancias que protegen a las mujeres y a la comunidad estudiantil a nivel nacional para consolidar la erradicaci\u00f3n de la violencia de g\u00e9nero al interior de los centros educativos.&nbsp;<\/p>\n","protected":false},"excerpt":{"rendered":"<p>Evlin Arag\u00f3n\/Zona Roja. Oaxaca de Ju\u00e1rez, Oax., 14 de octubre de 2020.- Cientos de personas&hellip;<\/p>\n","protected":false},"author":2,"featured_media":9869,"comment_status":"closed","ping_status":"open","sticky":false,"template":"","format":"standard","meta":{"_lmt_disableupdate":"","_lmt_disable":"","_jetpack_memberships_contains_paid_content":false,"footnotes":""},"categories":[109,47],"tags":[1509],"class_list":["post-18773","post","type-post","status-publish","format-standard","has-post-thumbnail","hentry","category-minuto-a-minuto","category-zona-gris","tag-acoso-universidad-del-istmo-oaxaca"],"jetpack_featured_media_url":"https:\/\/zonaroja.com.mx\/wp-content\/uploads\/2020\/03\/Unistmo-Ixtepec.jpg","jetpack_sharing_enabled":true,"_links":{"self":[{"href":"https:\/\/zonaroja.com.mx\/index.php?rest_route=\/wp\/v2\/posts\/18773","targetHints":{"allow":["GET"]}}],"collection":[{"href":"https:\/\/zonaroja.com.mx\/index.php?rest_route=\/wp\/v2\/posts"}],"about":[{"href":"https:\/\/zonaroja.com.mx\/index.php?rest_route=\/wp\/v2\/types\/post"}],"author":[{"embeddable":true,"href":"https:\/\/zonaroja.com.mx\/index.php?rest_route=\/wp\/v2\/users\/2"}],"replies":[{"embeddable":true,"href":"https:\/\/zonaroja.com.mx\/index.php?rest_route=%2Fwp%2Fv2%2Fcomments&post=18773"}],"version-history":[{"count":1,"href":"https:\/\/zonaroja.com.mx\/index.php?rest_route=\/wp\/v2\/posts\/18773\/revisions"}],"predecessor-version":[{"id":18774,"href":"https:\/\/zonaroja.com.mx\/index.php?rest_route=\/wp\/v2\/posts\/18773\/revisions\/18774"}],"wp:featuredmedia":[{"embeddable":true,"href":"https:\/\/zonaroja.com.mx\/index.php?rest_route=\/wp\/v2\/media\/9869"}],"wp:attachment":[{"href":"https:\/\/zonaroja.com.mx\/index.php?rest_route=%2Fwp%2Fv2%2Fmedia&parent=18773"}],"wp:term":[{"taxonomy":"category","embeddable":true,"href":"https:\/\/zonaroja.com.mx\/index.php?rest_route=%2Fwp%2Fv2%2Fcategories&post=18773"},{"taxonomy":"post_tag","embeddable":true,"href":"https:\/\/zonaroja.com.mx\/index.php?rest_route=%2Fwp%2Fv2%2Ftags&post=18773"}],"curies":[{"name":"wp","href":"https:\/\/api.w.org\/{rel}","templated":true}]}}