{"id":18778,"date":"2020-10-14T10:52:26","date_gmt":"2020-10-14T15:52:26","guid":{"rendered":"http:\/\/www.zonaroja.com.mx\/?p=18778"},"modified":"2020-10-14T10:52:30","modified_gmt":"2020-10-14T15:52:30","slug":"el-que-nada-debe-nada-teme-si-hay-irregularidades-que-se-aplique-la-ley-rector","status":"publish","type":"post","link":"https:\/\/zonaroja.com.mx\/?p=18778","title":{"rendered":"\u201cEl que nada debe, nada teme; si hay irregularidades, que se aplique la ley\u201d: rector"},"content":{"rendered":"\n<p>Ismael Garc\u00eda M.\/Zona Roja.<\/p>\n\n\n\n<p>Oaxaca de Ju\u00e1rez, Oax., 14 de octubre de 2020.- \u201cLas auditor\u00edas son procesos administrativos normales que hemos atendido en tiempo y forma. La UABJO est\u00e1 cumpliendo. El que nada debe, nada teme. Si hay irregularidades, que se aplique la ley y punto. Lo dem\u00e1s es ruido pol\u00edtico para confundir y desestabilizar a la universidad\u201d.<\/p>\n\n\n\n<p>As\u00ed respondi\u00f3 el rector de la Universidad Aut\u00f3noma \u201cBenito Ju\u00e1rez\u201d de Oaxaca, Eduardo Bautista Mart\u00ednez, a los se\u00f1alamientos medi\u00e1ticos de presunta corrupci\u00f3n y desv\u00edo de recursos en la m\u00e1xima casa de estudios de la entidad.<\/p>\n\n\n\n<p>Ello en el marco de la supuesta imposici\u00f3n del notario Gilberto Gamboa Medina &#8211;que no es universitario ni re\u00fane los requisitos para aspirar al cargo&#8211; como sucesor en la rector\u00eda, impulsado por el ex gobernador de Oaxaca, Jos\u00e9 Murat; su hijo, Alejandro Murat, se deslind\u00f3 ayer.<\/p>\n\n\n\n<p>Bautista Mart\u00ednez inform\u00f3 que en sus poco m\u00e1s de cuatro a\u00f1os de gesti\u00f3n, se han aplicado 36 auditor\u00edas a la instituci\u00f3n y dos m\u00e1s est\u00e1n en curso, por parte de \u00f3rganos de fiscalizaci\u00f3n federales y estatales, y hasta el momento las observaciones han sido solventadas.<\/p>\n\n\n\n<p>Universidades e institutos de educaci\u00f3n superior del pa\u00eds han respaldado la exigencia de respeto a la autonom\u00eda de la UABJO y a la intromisi\u00f3n de agentes externos; de la misma manera, se han pronunciado legisladores locales y federales; acad\u00e9micos, intelectuales y cient\u00edficos.<\/p>\n\n\n\n<p>TIEMPOS Y CIRCUNSTANCIAS<\/p>\n\n\n\n<p>Por otra parte, en un art\u00edculo que public\u00f3 este lunes, \u201cAutonom\u00edas universitarias, tiempos y circunstancias\u201d, Bautista Mart\u00ednez sostuvo que las reivindicaciones auton\u00f3micas comparten asideros comunes, libertades acad\u00e9micas, en formas de organizaci\u00f3n y participaci\u00f3n, as\u00ed como gobiernos determinados por las propias comunidades universitarias.<\/p>\n\n\n\n<p>\u201cEstos procesos de organizaci\u00f3n no han ocurrido en el aislamiento, sino que han dependido de las configuraciones de los estados nacionales, las dictaduras en varios pa\u00edses latinoamericanos o el largo ciclo del r\u00e9gimen corporativo en el caso de nuestro pa\u00eds.<\/p>\n\n\n\n<p>\u201cEn el periodo de pol\u00edticas neoliberales se impuso una perspectiva gerencial sustentada en cr\u00edticas a una supuesta falta de calidad de las universidades p\u00fablicas masificadas; se aplicaron medidas de contenci\u00f3n y recortes progresivos del financiamiento p\u00fablico, los cuales quedaron sujetos a procesos de evaluaci\u00f3n de las competencias para acceder a recursos extraordinarios, y por otra parte, a criterios pol\u00edticos sujetos a la negociaci\u00f3n entre las autoridades universitarias y los Estados\u201d.<\/p>\n\n\n\n<p>\u201cLa contenci\u00f3n fue limitando el relevo generacional de profesores y el sentido humanista de la educaci\u00f3n superior qued\u00f3 subordinado a una pretendida eficiencia y productividad.<\/p>\n\n\n\n<p>\u201cLa competencia gener\u00f3 una dispersi\u00f3n y desarticulaci\u00f3n de instituciones y programas acad\u00e9micos; ante la precarizaci\u00f3n de los salarios, se libraron batallas entre los mismos profesores, para acceder a est\u00edmulos extraordinarios a partir de su desempe\u00f1o individual.<\/p>\n\n\n\n<p>ASEDIO HIST\u00d3RICO<\/p>\n\n\n\n<p>\u201cEn lo econ\u00f3mico, las universidades resintieron el asedio de intereses externos, muchas se perfilaron como consultoras de servicios sujetas a reglas de mercado para disponer de ingresos alternativos, el caso m\u00e1s lamentable llev\u00f3 a que algunas autoridades universitarias se involucraran en la llamada \u2018estafa maestra\u2019, que desafortunadamente generaliz\u00f3 la idea de corrupci\u00f3n y esta denostaci\u00f3n afect\u00f3 los procesos de gesti\u00f3n de muchas universidades quienes se vieron se\u00f1aladas por presuntos desv\u00edos de recursos.<\/p>\n\n\n\n<p>\u201cEn lo pol\u00edtico, el inter\u00e9s externo por el control de las universidades deriv\u00f3 en la persistencia del corporativismo y clientelismo del viejo r\u00e9gimen en algunas de sus organizaciones y sindicatos.<\/p>\n\n\n\n<p>\u201cEstas instancias, a trav\u00e9s de ciertos liderazgos generaron fuertes v\u00ednculos econ\u00f3micos con poderes f\u00e1cticos, de tal manera que algunas huelgas y movilizaciones de apariencia laboral se convirtieron en los hechos en mecanismos pol\u00edticos.<\/p>\n\n\n\n<p>\u201cEl asedio a las autonom\u00edas universitarias es diferenciado, la justificaci\u00f3n desde el exterior es el pretendido combate a la corrupci\u00f3n que adquiere m\u00faltiples sentidos pol\u00edticos.<\/p>\n\n\n\n<p>\u201cLo anterior es un sin sentido puesto que las rutas administrativas sobre el ejercicio de los presupuestos de las universidades se pueden trazar con puntualidad a trav\u00e9s de los procesos de fiscalizaci\u00f3n y de inteligencia financiera.<\/p>\n\n\n\n<p>\u201cDe esta manera se evitar\u00edan generalizaciones que suponen que todas las autoridades universitarias desv\u00edan recursos y se deslindar\u00edan responsabilidades para sancionar a aquellos actores que hayan cometido il\u00edcito.<\/p>\n\n\n\n<p>\u201cPor ello resulta relevante que en los nuevos debates de las autonom\u00edas universitarias se delimite con precisi\u00f3n la agenda de temas jur\u00eddicos, administrativos, financieros y organizativos, pero con la claridad de que estas instituciones pueden consolidarse como los espacios para el fortalecimiento de la democracia, de la pluralidad de ideas, del dialogo civilizado, de la construcci\u00f3n de consensos y de la cultura de la tolerancia.<\/p>\n\n\n\n<p>\u201cDedico estas l\u00edneas a la entra\u00f1able Universidad Aut\u00f3noma \u2018Benito Ju\u00e1rez\u2019 de Oaxaca, en el 49 aniversario del reconocimiento de su autonom\u00eda y que en este momento se encuentra en medio de tensiones de car\u00e1cter pol\u00edtico que amenazan esta autonom\u00eda\u201d, finaliz\u00f3 el rector.<\/p>\n","protected":false},"excerpt":{"rendered":"<p>Ismael Garc\u00eda M.\/Zona Roja. Oaxaca de Ju\u00e1rez, Oax., 14 de octubre de 2020.- \u201cLas auditor\u00edas&hellip;<\/p>\n","protected":false},"author":2,"featured_media":18781,"comment_status":"closed","ping_status":"open","sticky":false,"template":"","format":"standard","meta":{"_lmt_disableupdate":"","_lmt_disable":"","_jetpack_memberships_contains_paid_content":false,"footnotes":""},"categories":[109,46],"tags":[360],"class_list":["post-18778","post","type-post","status-publish","format-standard","has-post-thumbnail","hentry","category-minuto-a-minuto","category-zona-blanca","tag-rector-eduardo-bautista-martinez"],"jetpack_featured_media_url":"https:\/\/zonaroja.com.mx\/wp-content\/uploads\/2020\/10\/1-3-2.jpg","jetpack_sharing_enabled":true,"_links":{"self":[{"href":"https:\/\/zonaroja.com.mx\/index.php?rest_route=\/wp\/v2\/posts\/18778","targetHints":{"allow":["GET"]}}],"collection":[{"href":"https:\/\/zonaroja.com.mx\/index.php?rest_route=\/wp\/v2\/posts"}],"about":[{"href":"https:\/\/zonaroja.com.mx\/index.php?rest_route=\/wp\/v2\/types\/post"}],"author":[{"embeddable":true,"href":"https:\/\/zonaroja.com.mx\/index.php?rest_route=\/wp\/v2\/users\/2"}],"replies":[{"embeddable":true,"href":"https:\/\/zonaroja.com.mx\/index.php?rest_route=%2Fwp%2Fv2%2Fcomments&post=18778"}],"version-history":[{"count":1,"href":"https:\/\/zonaroja.com.mx\/index.php?rest_route=\/wp\/v2\/posts\/18778\/revisions"}],"predecessor-version":[{"id":18782,"href":"https:\/\/zonaroja.com.mx\/index.php?rest_route=\/wp\/v2\/posts\/18778\/revisions\/18782"}],"wp:featuredmedia":[{"embeddable":true,"href":"https:\/\/zonaroja.com.mx\/index.php?rest_route=\/wp\/v2\/media\/18781"}],"wp:attachment":[{"href":"https:\/\/zonaroja.com.mx\/index.php?rest_route=%2Fwp%2Fv2%2Fmedia&parent=18778"}],"wp:term":[{"taxonomy":"category","embeddable":true,"href":"https:\/\/zonaroja.com.mx\/index.php?rest_route=%2Fwp%2Fv2%2Fcategories&post=18778"},{"taxonomy":"post_tag","embeddable":true,"href":"https:\/\/zonaroja.com.mx\/index.php?rest_route=%2Fwp%2Fv2%2Ftags&post=18778"}],"curies":[{"name":"wp","href":"https:\/\/api.w.org\/{rel}","templated":true}]}}