{"id":18786,"date":"2020-10-14T15:21:01","date_gmt":"2020-10-14T20:21:01","guid":{"rendered":"http:\/\/www.zonaroja.com.mx\/?p=18786"},"modified":"2020-10-14T15:21:06","modified_gmt":"2020-10-14T20:21:06","slug":"zafarrancho-en-cooperativa-cruz-azul-oaxaca-dejo-dos-lesionados-y-varios-detenidos","status":"publish","type":"post","link":"https:\/\/zonaroja.com.mx\/?p=18786","title":{"rendered":"Zafarrancho en cooperativa Cruz Azul Oaxaca dej\u00f3 dos lesionados y varios detenidos"},"content":{"rendered":"\n<p>Evlin Arag\u00f3n\/Zona Roja.<\/p>\n\n\n\n<p>Oaxaca de Ju\u00e1rez, Oax., 14 de octubre de 2020.- La toma de control de la planta y una diligencia judicial que realizaba un actuario en las instalaciones de la Cooperativa Cruz Azul Lagunas, ubicada en el municipio de El Barrio La Soledad, termin\u00f3 en violencia este mi\u00e9rcoles por la ma\u00f1ana, con el saldo preliminar de dos personas lesionadas y varias detenidas.&nbsp;<\/p>\n\n\n\n<p>Fue desde la madrugada que, fuerzas de la Secretar\u00eda de Seguridad P\u00fablica de Oaxaca ingresaron al lugar, sin embargo; hubo resistencia por parte de la base trabajadora hacia los guardias de seguridad privada, lo que provoc\u00f3 un enfrentamiento golpes, afectado particularmente a los elementos de la empresa.<\/p>\n\n\n\n<p>&nbsp;&#8211;\u00a1P\u00e9guenle, p\u00e9guenle!&nbsp;<\/p>\n\n\n\n<p>&#8212; \u00a1Dale g\u00fcey, dale!<\/p>\n\n\n\n<p>&#8211;\u00a1Eso, eso!<\/p>\n\n\n\n<p>Se escucha en un primer video difundido a trav\u00e9s de las redes sociales, mientras al fondo se logra apreciar a trabajadores que golpean a personas que no se identificar.<\/p>\n\n\n\n<p>En una segunda publicaci\u00f3n se descubre que se trataba de presuntos guardias de seguridad los que hab\u00edan sido sometidos en el piso y eran golpeados en reiteradas ocasiones.&nbsp;<\/p>\n\n\n\n<p>&#8211;Aqu\u00ed no van a andar jugando.<\/p>\n\n\n\n<p>&#8211;Hijos de su puta madre.<\/p>\n\n\n\n<p>&#8211;\u00a1Ah pendejos! \u00bfQu\u00e9 dijeron? Aqu\u00ed vamos a hacer nuestro desmadre.<\/p>\n\n\n\n<p>&#8211;Aqu\u00ed no van a andar jugando.<\/p>\n\n\n\n<p>Durante varios minutos, los \u00e1nimos segu\u00edan encendidos y no se sab\u00eda con exactitud que suced\u00eda al interior de la empresa, s\u00f3lo gritos que ped\u00edan que amarraran a cuatro personas a quienes acusan de delincuentes.\u00a0<\/p>\n\n\n\n<figure class=\"wp-block-embed-twitter wp-block-embed is-type-rich is-provider-twitter\"><div class=\"wp-block-embed__wrapper\">\n<div class=\"twitter-tweet\"><blockquote class=\"twitter-tweet\" data-lang=\"es\"><p lang=\"es\" dir=\"ltr\"><a href=\"https:\/\/twitter.com\/hashtag\/%C3%9AltimoMinuto?src=hash&amp;ref_src=twsrc%5Etfw\">#\u00daltimoMinuto<\/a> <br>(2) Los obreros de la Cooperativa Cruz Azul, golpearon a guardias de seguridad en el interior de la f\u00e1brica, en Lagunas, El Barrio La Soledad, Oaxaca. <a href=\"https:\/\/t.co\/kLz211YkMU\">pic.twitter.com\/kLz211YkMU<\/a><\/p>&mdash; Zona Roja Oaxaca (@MexRoja) <a href=\"https:\/\/twitter.com\/MexRoja\/status\/1316381325373341697?ref_src=twsrc%5Etfw\">14 de octubre de 2020<\/a><\/blockquote><\/div>\n<\/div><\/figure>\n\n\n\n<p>INGRESAN POLIC\u00cdAS<\/p>\n\n\n\n<p>Previo al zafarrancho, se inform\u00f3 a los trabajadores sobre una diligencia judicial que se llevar\u00eda a cabo con el acompa\u00f1amiento de elementos de la Polic\u00eda Estatal, misma que no pudo evitar la violencia que se gener\u00f3 minutos despu\u00e9s.&nbsp;<\/p>\n\n\n\n<p>De acuerdo con la versi\u00f3n oficial, fue por orden de la autoridad judicial competente, un actuario del Poder Judicial del Estado de Oaxaca, quien puso en posesi\u00f3n del Consejo de Administraci\u00f3n de Cooperativa La Cruz Azul, S.C.L., la planta cementera que se ubica en Lagunas, Oaxaca.<\/p>\n\n\n\n<p>Refiri\u00f3 que dicha diligencia judicial se desarroll\u00f3 con total apego a derecho y de manera pac\u00edfica, misma que fue acompa\u00f1ada de un despliegue operativo de m\u00e1s de 100 elementos de la fuerza p\u00fablica estatal; entre personal de la Polic\u00eda Estatal, Polic\u00eda Vial Estatal y Polic\u00eda Auxiliar, Bancaria, Industrial y Comercial (PABIC).&nbsp;<\/p>\n\n\n\n<p>&nbsp;Sin embargo, nada refiere de los hechos violentos registrados y el motivo de la diligencia la cual de acuerdo con informaci\u00f3n extra oficial se llev\u00f3 a cabo para realizar el aseguramiento del edificio y entregarlo a los nuevos representantes de la gerencia nacional.&nbsp;&nbsp;<\/p>\n\n\n\n<p>Conforme a un video que se difundi\u00f3 en las redes sociales la diligencia se realiz\u00f3 para cumplir con un acuerdo con fecha del 13 de octubre de 2020 y uno del 18 de septiembre de 2020, suscrito y firmado por el Juez Octavo de lo Civil, en la Ciudad de M\u00e9xico.<\/p>\n\n\n\n<p>\u201cLe informamos al personal que vamos a recorrer las instalaciones en compa\u00f1\u00eda de la cooperativa, posteriormente nos reunimos para firmar el documento, y si tienen alguna pregunta, los compa\u00f1eros les dar\u00e1n respuesta sobre dicha diligencia\u201d, se escucha en la publicaci\u00f3n.&nbsp;<\/p>\n\n\n\n<p>Desde agosto pasado, la gerencia se manten\u00eda en la incertidumbre, luego de que dirigente de la cooperativa Guillermo \u201cBilly\u201d \u00c1lvarez, fuera acusado de realizar operaciones con recursos de procedencia il\u00edcita y delincuencia organizada, por lo que se le gir\u00f3 una orden de aprensi\u00f3n que reaviv\u00f3 las disputas internas que llevan m\u00e1s de una d\u00e9cada en la empresa.<\/p>\n\n\n\n<p>Despu\u00e9s del mediod\u00eda, la tranquilidad volvi\u00f3 a las instalaciones de la cementara de Cruz Azul, una de las m\u00e1s importantes empresas de esa cooperativa, en el sureste de M\u00e9xico.<\/p>\n\n\n\n<figure class=\"wp-block-embed-twitter wp-block-embed is-type-rich is-provider-twitter\"><div class=\"wp-block-embed__wrapper\">\n<div class=\"twitter-tweet\"><blockquote class=\"twitter-tweet\" data-lang=\"es\"><p lang=\"es\" dir=\"ltr\"><a href=\"https:\/\/twitter.com\/hashtag\/%C3%9AltimoMinuto?src=hash&amp;ref_src=twsrc%5Etfw\">#\u00daltimoMinuto<\/a> <br>(5) Sobre los hechos suscitados hoy en la f\u00e1brica de Cruz Azul, en Lagunas, Oaxaca, la <a href=\"https:\/\/twitter.com\/SSP_GobOax?ref_src=twsrc%5Etfw\">@SSP_GobOax<\/a> dijo que intervino a petici\u00f3n de parte, por una diligencia judicial. La planta se puso a disposici\u00f3n de los nuevos directivos y la situaci\u00f3n regres\u00f3 a la normalidad. <a href=\"https:\/\/t.co\/02d0eBYX4e\">pic.twitter.com\/02d0eBYX4e<\/a><\/p>&mdash; Zona Roja Oaxaca (@MexRoja) <a href=\"https:\/\/twitter.com\/MexRoja\/status\/1316431422530387969?ref_src=twsrc%5Etfw\">14 de octubre de 2020<\/a><\/blockquote><\/div>\n<\/div><\/figure>\n","protected":false},"excerpt":{"rendered":"<p>Evlin Arag\u00f3n\/Zona Roja. Oaxaca de Ju\u00e1rez, Oax., 14 de octubre de 2020.- La toma de&hellip;<\/p>\n","protected":false},"author":2,"featured_media":18787,"comment_status":"closed","ping_status":"open","sticky":false,"template":"","format":"standard","meta":{"_lmt_disableupdate":"","_lmt_disable":"","_jetpack_memberships_contains_paid_content":false,"footnotes":""},"categories":[109,47],"tags":[2099],"class_list":["post-18786","post","type-post","status-publish","format-standard","has-post-thumbnail","hentry","category-minuto-a-minuto","category-zona-gris","tag-cooperativa-cruz-azul-lagunas"],"jetpack_featured_media_url":"https:\/\/zonaroja.com.mx\/wp-content\/uploads\/2020\/10\/Policias-recuperacion-Cruz-Azul-Lagunas.jpg","jetpack_sharing_enabled":true,"_links":{"self":[{"href":"https:\/\/zonaroja.com.mx\/index.php?rest_route=\/wp\/v2\/posts\/18786","targetHints":{"allow":["GET"]}}],"collection":[{"href":"https:\/\/zonaroja.com.mx\/index.php?rest_route=\/wp\/v2\/posts"}],"about":[{"href":"https:\/\/zonaroja.com.mx\/index.php?rest_route=\/wp\/v2\/types\/post"}],"author":[{"embeddable":true,"href":"https:\/\/zonaroja.com.mx\/index.php?rest_route=\/wp\/v2\/users\/2"}],"replies":[{"embeddable":true,"href":"https:\/\/zonaroja.com.mx\/index.php?rest_route=%2Fwp%2Fv2%2Fcomments&post=18786"}],"version-history":[{"count":1,"href":"https:\/\/zonaroja.com.mx\/index.php?rest_route=\/wp\/v2\/posts\/18786\/revisions"}],"predecessor-version":[{"id":18788,"href":"https:\/\/zonaroja.com.mx\/index.php?rest_route=\/wp\/v2\/posts\/18786\/revisions\/18788"}],"wp:featuredmedia":[{"embeddable":true,"href":"https:\/\/zonaroja.com.mx\/index.php?rest_route=\/wp\/v2\/media\/18787"}],"wp:attachment":[{"href":"https:\/\/zonaroja.com.mx\/index.php?rest_route=%2Fwp%2Fv2%2Fmedia&parent=18786"}],"wp:term":[{"taxonomy":"category","embeddable":true,"href":"https:\/\/zonaroja.com.mx\/index.php?rest_route=%2Fwp%2Fv2%2Fcategories&post=18786"},{"taxonomy":"post_tag","embeddable":true,"href":"https:\/\/zonaroja.com.mx\/index.php?rest_route=%2Fwp%2Fv2%2Ftags&post=18786"}],"curies":[{"name":"wp","href":"https:\/\/api.w.org\/{rel}","templated":true}]}}