{"id":18790,"date":"2020-10-14T16:17:52","date_gmt":"2020-10-14T21:17:52","guid":{"rendered":"http:\/\/www.zonaroja.com.mx\/?p=18790"},"modified":"2020-10-14T16:17:56","modified_gmt":"2020-10-14T21:17:56","slug":"ante-impunidad-y-desatencion-del-gobierno-de-oaxaca-antorcha-protesta-de-nuevo","status":"publish","type":"post","link":"https:\/\/zonaroja.com.mx\/?p=18790","title":{"rendered":"Ante impunidad y desatenci\u00f3n del gobierno de Oaxaca, Antorcha protesta de nuevo"},"content":{"rendered":"\n<p>Evlin Arag\u00f3n\/Zona Roja.<\/p>\n\n\n\n<p>Oaxaca de Ju\u00e1rez, Oax., 14 de octubre de 2020.- Integrantes de la organizaci\u00f3n Antorcha Campesina se manifestaron de nueva cuenta y de forma pac\u00edfica a las afueras de Casa Oficial para exigir, por en\u00e9sima vez, la intervenci\u00f3n del gobernador de Oaxaca, Alejandro Murat Hinojosa en la problem\u00e1tica agraria que se vive entre Santo Domingo Yoso\u00f1ama y San Juan Mixtepec.<\/p>\n\n\n\n<p>El conflicto dej\u00f3 el pasado fin de semana otras tres v\u00edctimas mortales que se suman a la cadena interminable de violencia y asesinatos en la zona, de la cual ambas comunidades se culpan entre s\u00ed.&nbsp;<\/p>\n\n\n\n<p>Dimas Romero Gonz\u00e1lez, dirigente en Oaxaca de Antorcha, detall\u00f3 que recientemente se reunieron con autoridades de la Secretar\u00eda General de Gobierno; sin embargo, se trata de funcionarios de segundo nivel que, aunque han realizado los tr\u00e1mites ante la Guardia Nacional y personal de seguridad, estos no les han hecho caso, situaci\u00f3n que justifica la intervenci\u00f3n de autoridades de primer nivel.<\/p>\n\n\n\n<p>\u201cAs\u00ed como interviene en otros asuntos demostrando sensibilidad y preocupaci\u00f3n por los oaxaque\u00f1os, pues tambi\u00e9n as\u00ed queremos nosotros platicar con \u00e9l para que tenga conocimiento y pueda tomar la dimensi\u00f3n correcta de este problema\u201d, refiri\u00f3 en conferencia de prensa a las afueras de Casa Oficial.&nbsp;<\/p>\n\n\n\n<p>Romero Gonz\u00e1lez explic\u00f3 que desde hace semanas han pedido audiencia con el mandatario a fin de que se pueda otorgar seguridad en la zona y garantizar con ello la integridad f\u00edsica de la poblaci\u00f3n, a la par que aceptar que debido a que se trata de un conflicto a\u00f1ejo no esperan soluci\u00f3n inmediata pero s\u00ed atenci\u00f3n.\u00a0<\/p>\n\n\n\n<figure class=\"wp-block-embed-twitter wp-block-embed is-type-rich is-provider-twitter\"><div class=\"wp-block-embed__wrapper\">\n<div class=\"twitter-tweet\"><blockquote class=\"twitter-tweet\" data-lang=\"es\"><p lang=\"es\" dir=\"ltr\">La nula justicia y la impunidad que privan en Oaxaca generaron de nueva cuenta movilizaciones por parte de <a href=\"https:\/\/twitter.com\/AntorchaOficial?ref_src=twsrc%5Etfw\">@AntorchaOficial<\/a>. <br>La <a href=\"https:\/\/twitter.com\/FISCALIA_GobOax?ref_src=twsrc%5Etfw\">@FISCALIA_GobOax<\/a> no ha dado resultados en asesinatos de militantes y ofrece seguridad, pero de la Guardia Nacional, asegura dirigente de organizaci\u00f3n. <a href=\"https:\/\/t.co\/de7gsI9Y6a\">pic.twitter.com\/de7gsI9Y6a<\/a><\/p>&mdash; Zona Roja Oaxaca (@MexRoja) <a href=\"https:\/\/twitter.com\/MexRoja\/status\/1316457235715895296?ref_src=twsrc%5Etfw\">14 de octubre de 2020<\/a><\/blockquote><\/div>\n<\/div><\/figure>\n\n\n\n<p>Manifest\u00f3 que si las autoridades no atienden la problem\u00e1tica dan un mensaje de permisibilidad en torno a la violencia, lo que puede traer como consecuencia m\u00e1s enfrentamientos y muertes, todo en perjuicio de comunidades empobrecidas y con amplias carencias.&nbsp;<\/p>\n\n\n\n<p>\u201cLa agresi\u00f3n impune ha detonado siempre el conflicto, el que no existan sanciones y no pase nada genera la repetici\u00f3n una y otra vez de los hechos violentos y la intimidaci\u00f3n del n\u00facleo agrario, no hay causas justificada para la agresi\u00f3n, solo una consecuencia ante la impunidad\u201d, dijo el dirigente.<\/p>\n\n\n\n<p>As\u00ed mismo indico que, aunque la Fiscal\u00eda General de Justicia los ha recibido, no es suficiente solo escuchar la denuncia, se necesita actuar de forma contundente con operativos de seguridad indispensables encabezados por autoridades estatales y federales.&nbsp;&nbsp;<\/p>\n\n\n\n<p>Como lo han hecho ya en otras ocasiones, aseguraron que de no ser atendidos recurrir\u00e1n a la manifestaci\u00f3n permanente, que se ha convertido en la \u00fanica forma en la que las organizaciones y el pueblo en general puede ser escuchado por parte de las autoridades.<\/p>\n\n\n\n<p>Luego de una marcha del parque \u201cEl Llano\u201d a la Casa Oficial, bloquearon por unos momento la avenida Ju\u00e1rez de la capital, tras lo cual una comisi\u00f3n se traslad\u00f3 a las oficinas de gobierno en Ciudad Administrativa, Tlalixtac de Cabrera.<\/p>\n","protected":false},"excerpt":{"rendered":"<p>Evlin Arag\u00f3n\/Zona Roja. Oaxaca de Ju\u00e1rez, Oax., 14 de octubre de 2020.- Integrantes de la&hellip;<\/p>\n","protected":false},"author":2,"featured_media":18791,"comment_status":"closed","ping_status":"open","sticky":false,"template":"","format":"standard","meta":{"_lmt_disableupdate":"","_lmt_disable":"","_jetpack_memberships_contains_paid_content":false,"footnotes":""},"categories":[109,47],"tags":[2082],"class_list":["post-18790","post","type-post","status-publish","format-standard","has-post-thumbnail","hentry","category-minuto-a-minuto","category-zona-gris","tag-antorcha-campesina-oaxaca"],"jetpack_featured_media_url":"https:\/\/zonaroja.com.mx\/wp-content\/uploads\/2020\/10\/Protesta-Antorcha-Campesina.jpg","jetpack_sharing_enabled":true,"_links":{"self":[{"href":"https:\/\/zonaroja.com.mx\/index.php?rest_route=\/wp\/v2\/posts\/18790","targetHints":{"allow":["GET"]}}],"collection":[{"href":"https:\/\/zonaroja.com.mx\/index.php?rest_route=\/wp\/v2\/posts"}],"about":[{"href":"https:\/\/zonaroja.com.mx\/index.php?rest_route=\/wp\/v2\/types\/post"}],"author":[{"embeddable":true,"href":"https:\/\/zonaroja.com.mx\/index.php?rest_route=\/wp\/v2\/users\/2"}],"replies":[{"embeddable":true,"href":"https:\/\/zonaroja.com.mx\/index.php?rest_route=%2Fwp%2Fv2%2Fcomments&post=18790"}],"version-history":[{"count":1,"href":"https:\/\/zonaroja.com.mx\/index.php?rest_route=\/wp\/v2\/posts\/18790\/revisions"}],"predecessor-version":[{"id":18792,"href":"https:\/\/zonaroja.com.mx\/index.php?rest_route=\/wp\/v2\/posts\/18790\/revisions\/18792"}],"wp:featuredmedia":[{"embeddable":true,"href":"https:\/\/zonaroja.com.mx\/index.php?rest_route=\/wp\/v2\/media\/18791"}],"wp:attachment":[{"href":"https:\/\/zonaroja.com.mx\/index.php?rest_route=%2Fwp%2Fv2%2Fmedia&parent=18790"}],"wp:term":[{"taxonomy":"category","embeddable":true,"href":"https:\/\/zonaroja.com.mx\/index.php?rest_route=%2Fwp%2Fv2%2Fcategories&post=18790"},{"taxonomy":"post_tag","embeddable":true,"href":"https:\/\/zonaroja.com.mx\/index.php?rest_route=%2Fwp%2Fv2%2Ftags&post=18790"}],"curies":[{"name":"wp","href":"https:\/\/api.w.org\/{rel}","templated":true}]}}