{"id":18793,"date":"2020-10-14T18:34:10","date_gmt":"2020-10-14T23:34:10","guid":{"rendered":"http:\/\/www.zonaroja.com.mx\/?p=18793"},"modified":"2020-10-14T18:34:14","modified_gmt":"2020-10-14T23:34:14","slug":"diputado-llama-a-edil-garcia-jarquin-a-verificar-y-solucionar-invasion-del-cerro-del-creston","status":"publish","type":"post","link":"https:\/\/zonaroja.com.mx\/?p=18793","title":{"rendered":"Diputado llama a edil Garc\u00eda Jarqu\u00edn a verificar y solucionar invasi\u00f3n del cerro del \u201cCrest\u00f3n\u201d"},"content":{"rendered":"\n<p>Yuridiana Sosa\/Zona Roja.<\/p>\n\n\n\n<p>Oaxaca de Ju\u00e1rez, Oax., 14 de octubre de 2020.- Por la probable invasi\u00f3n de espacios en el cerro del \u201cCrest\u00f3n\u201d en la capital de Oaxaca y los enfrentamientos que se han derivado por la defensa de ese espacio, el presidente de la Junta de Coordinaci\u00f3n Pol\u00edtica del Congreso local, Horacio Sosa Villavicencio, exhort\u00f3 al edil Oswaldo Garc\u00eda Jarqu\u00edn a que informe sobre la situaci\u00f3n legal actual del predio.<\/p>\n\n\n\n<p>En la sesi\u00f3n de la Diputaci\u00f3n Permanente de este mi\u00e9rcoles, el legislador emanado del Partido Morena expuso el tema que ha generado inconformidad en la ciudadan\u00eda, por la presunta intenci\u00f3n del presidente de Oaxaca de Ju\u00e1rez de vender predios en esa \u00e1rea y del que a\u00fan las condiciones legales no est\u00e1n claras.<\/p>\n\n\n\n<p>Horacio Sosa llam\u00f3 al edil capitalino a verificar las denuncias por presuntas irregularidades en predios del cerro del \u201cCrest\u00f3n\u201d a fin de preservar las \u00e1reas protegidas.<\/p>\n\n\n\n<p>\u201cHoy vemos en peligro que el cerro del \u2018Crest\u00f3n\u2019, un pulm\u00f3n importante, por eso exhortamos al presidente que asuma su responsabilidad\u201d, dijo.<\/p>\n\n\n\n<figure class=\"wp-block-embed-twitter wp-block-embed is-type-rich is-provider-twitter\"><div class=\"wp-block-embed__wrapper\">\n<div class=\"twitter-tweet\"><blockquote class=\"twitter-tweet\" data-lang=\"es\"><p lang=\"es\" dir=\"ltr\"><a href=\"https:\/\/twitter.com\/hashtag\/%C3%9AltimoMinuto?src=hash&amp;ref_src=twsrc%5Etfw\">#\u00daltimoMinuto<\/a> <br>En la sesi\u00f3n de la Diputaci\u00f3n Permanente hoy, el legislador <a href=\"https:\/\/twitter.com\/HoracioSosaOax?ref_src=twsrc%5Etfw\">@HoracioSosaOax<\/a> exhort\u00f3 al edil del <a href=\"https:\/\/twitter.com\/MunicipioOaxaca?ref_src=twsrc%5Etfw\">@MunicipioOaxaca<\/a>, <a href=\"https:\/\/twitter.com\/oswaldogarciaj?ref_src=twsrc%5Etfw\">@oswaldogarciaj<\/a>, verificar las denuncias de presuntas irregularidades en predios del cerro del \u201cCrest\u00f3n\u201d y preservar las \u00e1reas protegidas. <a href=\"https:\/\/t.co\/05TEGgXY0q\">pic.twitter.com\/05TEGgXY0q<\/a><\/p>&mdash; Zona Roja Oaxaca (@MexRoja) <a href=\"https:\/\/twitter.com\/MexRoja\/status\/1316437033187827713?ref_src=twsrc%5Etfw\">14 de octubre de 2020<\/a><\/blockquote><\/div>\n<\/div><\/figure>\n\n\n\n<p>Tambi\u00e9n se dirigi\u00f3 al Cabildo de Oaxaca de Ju\u00e1rez para que trabaje en la verificaci\u00f3n de las casas habitaci\u00f3n que ya se encuentran instaladas en el \u00e1rea.<\/p>\n\n\n\n<p>El diputado llam\u00f3 a los integrantes de ese \u00f3rgano a que investiguen y den a conocer si cumplieron con los requisitos para su estancia, desde la aprobaci\u00f3n del cambio de uso de suelo y si las ventas de espacios son leg\u00edtimas.<\/p>\n\n\n\n<p>Sosa Villavicencio dijo que para el recate de esos espacios y su reforestaci\u00f3n es necesaria la cooperaci\u00f3n de los distintos niveles de gobierno, a fin de ofrecer a la poblaci\u00f3n un mejor medio ambiente.<\/p>\n","protected":false},"excerpt":{"rendered":"<p>Yuridiana Sosa\/Zona Roja. Oaxaca de Ju\u00e1rez, Oax., 14 de octubre de 2020.- Por la probable&hellip;<\/p>\n","protected":false},"author":2,"featured_media":18794,"comment_status":"closed","ping_status":"open","sticky":false,"template":"","format":"standard","meta":{"_lmt_disableupdate":"","_lmt_disable":"","_jetpack_memberships_contains_paid_content":false,"footnotes":""},"categories":[109,46],"tags":[444],"class_list":["post-18793","post","type-post","status-publish","format-standard","has-post-thumbnail","hentry","category-minuto-a-minuto","category-zona-blanca","tag-horacio-sosa-villavicencio"],"jetpack_featured_media_url":"https:\/\/zonaroja.com.mx\/wp-content\/uploads\/2020\/10\/FOTO-2-Diputado-Horacio-Sosa-Villavicencio-presidente-de-la-Junta-de-Coordinacion-Politica-del-Congreso-local-1.jpeg","jetpack_sharing_enabled":true,"_links":{"self":[{"href":"https:\/\/zonaroja.com.mx\/index.php?rest_route=\/wp\/v2\/posts\/18793","targetHints":{"allow":["GET"]}}],"collection":[{"href":"https:\/\/zonaroja.com.mx\/index.php?rest_route=\/wp\/v2\/posts"}],"about":[{"href":"https:\/\/zonaroja.com.mx\/index.php?rest_route=\/wp\/v2\/types\/post"}],"author":[{"embeddable":true,"href":"https:\/\/zonaroja.com.mx\/index.php?rest_route=\/wp\/v2\/users\/2"}],"replies":[{"embeddable":true,"href":"https:\/\/zonaroja.com.mx\/index.php?rest_route=%2Fwp%2Fv2%2Fcomments&post=18793"}],"version-history":[{"count":1,"href":"https:\/\/zonaroja.com.mx\/index.php?rest_route=\/wp\/v2\/posts\/18793\/revisions"}],"predecessor-version":[{"id":18795,"href":"https:\/\/zonaroja.com.mx\/index.php?rest_route=\/wp\/v2\/posts\/18793\/revisions\/18795"}],"wp:featuredmedia":[{"embeddable":true,"href":"https:\/\/zonaroja.com.mx\/index.php?rest_route=\/wp\/v2\/media\/18794"}],"wp:attachment":[{"href":"https:\/\/zonaroja.com.mx\/index.php?rest_route=%2Fwp%2Fv2%2Fmedia&parent=18793"}],"wp:term":[{"taxonomy":"category","embeddable":true,"href":"https:\/\/zonaroja.com.mx\/index.php?rest_route=%2Fwp%2Fv2%2Fcategories&post=18793"},{"taxonomy":"post_tag","embeddable":true,"href":"https:\/\/zonaroja.com.mx\/index.php?rest_route=%2Fwp%2Fv2%2Ftags&post=18793"}],"curies":[{"name":"wp","href":"https:\/\/api.w.org\/{rel}","templated":true}]}}