{"id":18796,"date":"2020-10-14T19:19:12","date_gmt":"2020-10-15T00:19:12","guid":{"rendered":"http:\/\/www.zonaroja.com.mx\/?p=18796"},"modified":"2020-10-14T19:19:17","modified_gmt":"2020-10-15T00:19:17","slug":"mas-pifias-de-la-fiscalia-liberan-a-tres-acusados-de-homicidio-en-la-costa","status":"publish","type":"post","link":"https:\/\/zonaroja.com.mx\/?p=18796","title":{"rendered":"M\u00e1s pifias de la Fiscal\u00eda: liberan a tres acusados de homicidio en la Costa"},"content":{"rendered":"\n<p>Redacci\u00f3n\/Zona Roja.<\/p>\n\n\n\n<p>Oaxaca de Ju\u00e1rez, Oax., 14 de octubre de 2020.- De nueva cuenta, insuficientes o nulas pruebas presentadas por el Ministerio P\u00fablico de la Fiscal\u00eda General del Estado, resultaron en la liberaci\u00f3n de tres personas acusadas de homicidio, en dos hechos distintos sucedidos en la Costa de Oaxaca.<\/p>\n\n\n\n<p>En el primer caso, por la falta de pruebas, las dos personas que fueron acusadas como presuntas responsables del secuestro y homicidio de un taxista en Pinotepa Nacional, quedaron en libertad y no fueron vinculados a proceso por el juez de control, lo cual desat\u00f3 la ira de los trabajadores del volante.<\/p>\n\n\n\n<p>La resoluci\u00f3n fue dictada la tarde del martes por el juez de control luego de analizar las pruebas y consider\u00f3 que no exist\u00edan elementos de su probable responsabilidad, por la p\u00e9sima investigaci\u00f3n realizada por elementos de la Agencia Estatal de Investigaci\u00f3n del grupo de combate al secuestro de la Fiscal\u00eda General del Estado.<\/p>\n\n\n\n<p>Los dos fueron detenidos hace una semana por los elementos polic\u00edacos, al ser se\u00f1alados como presuntos responsables del delito de secuestro cometido en agravio del taxista, Juan Manuel S. L., quedando a disposici\u00f3n del juez de control.<\/p>\n\n\n\n<p>Al vencer el t\u00e9rmino constitucional, el juzgador no encontr\u00f3 elementos de su presunta responsabilidad debido a la mala investigaci\u00f3n realizada por los elementos al mando del comandante Jacob Guzm\u00e1n.<\/p>\n\n\n\n<p>Taxistas de seis sitios de Pinotepa Nacional estuvieron protestando desde el lunes, y el martes cuando se enteraron de la resoluci\u00f3n, arreciaron con la manifestaci\u00f3n frente al juzgado de control para evitar que las dos personas sean liberadas.<\/p>\n\n\n\n<p>El pasado  6 de octubre, el cuerpo sin vida fue hallado en estado de descomposici\u00f3n en Ocotl\u00e1n de Ju\u00e1rez, Santiago Tetepec, y fue identificado como Juan Manuel S. L., de oficio taxista en el municipio de Pinotepa.<\/p>\n\n\n\n<p>El ruletero estaba reportado como desaparecido, desde hace una semana antes en Pinotepa Nacional.<\/p>\n\n\n\n<p>Juan Manuel S. L. fue originario de San Miguel Tlacamama y conduc\u00eda una unidad del sitio \u201cCerro Desmoronado\u201d.<\/p>\n\n\n\n<p>De acuerdo con reportes, el patr\u00f3n de Juan Manuel ya hab\u00eda sido secuestrado, pero los elementos polic\u00edacos del grupo de combate al secuestro no atendieron el caso a tiempo. Lo anterior origin\u00f3 que posteriormente fue plagiado el chofer fue asesinado.<\/p>\n\n\n\n<p>EL CASO TONAMECA<\/p>\n\n\n\n<figure class=\"wp-block-image size-large\"><img decoding=\"async\" width=\"1024\" height=\"768\" src=\"http:\/\/www.zonaroja.com.mx\/wp-content\/uploads\/2020\/10\/Calcinados-Tonameca-1024x768.jpg\" alt=\"\" class=\"wp-image-18798\" srcset=\"https:\/\/zonaroja.com.mx\/wp-content\/uploads\/2020\/10\/Calcinados-Tonameca-1024x768.jpg 1024w, https:\/\/zonaroja.com.mx\/wp-content\/uploads\/2020\/10\/Calcinados-Tonameca-300x225.jpg 300w, https:\/\/zonaroja.com.mx\/wp-content\/uploads\/2020\/10\/Calcinados-Tonameca-768x576.jpg 768w, https:\/\/zonaroja.com.mx\/wp-content\/uploads\/2020\/10\/Calcinados-Tonameca-1170x878.jpg 1170w, https:\/\/zonaroja.com.mx\/wp-content\/uploads\/2020\/10\/Calcinados-Tonameca-585x439.jpg 585w, https:\/\/zonaroja.com.mx\/wp-content\/uploads\/2020\/10\/Calcinados-Tonameca.jpg 1200w\" sizes=\"(max-width: 1024px) 100vw, 1024px\" \/><\/figure>\n\n\n\n<p>Por otra parte, Roberto, uno de los presuntos responsables de la muerte de tres personas y quienes fueron calcinadas en una camioneta en la comunidad de Valdeflores perteneciente Cozoaltepec, Santa Mar\u00eda Tonameca, qued\u00f3 en libertad en el juzgado de control de Puerto Escondido, debido a la falta de pruebas.<\/p>\n\n\n\n<p>La pifia por parte del personal de la Fiscal\u00eda General del Estado se evidencio, ya que hace semana difundieron a trav\u00e9s de un comunicado que hab\u00edan logrado \u201cla detenci\u00f3n de un presunto multihomicida\u201d, pero al vencer el t\u00e9rmino constitucional, qued\u00f3 en libertad al no existir elementos en su contra.<\/p>\n\n\n\n<p>Roberto era se\u00f1alado como presunto responsable del asesinato de Sergio G. M., Juan C. R. C. y Jes\u00fas C. A., quienes fueron calcinados dentro de la camioneta en la cual se desplazaban.<\/p>\n\n\n\n<p>De acuerdo con la causa penal 329\/2019, el 27 de marzo de 2019, aproximadamente a las 07:45 horas, reportes policiacos informaron el hallazgo de una camioneta incendiada en su totalidad, en cuyo interior se encontraron los cuerpos calcinados, en un barranco ubicado en inmediaciones del paraje \u201cLa Uni\u00f3n Cozoaltepec\u201d, Santa Mar\u00eda Tonameca.<\/p>\n\n\n\n<p>Los hechos ocurrieron a las seis de la ma\u00f1ana cuando la polic\u00eda municipal de Tonameca acudi\u00f3 al camino de terracer\u00eda de La Uni\u00f3n a Valdeflores Colotepec y confirm\u00f3 el hallazgo de la unidad de motor y cuerpos calcinados.<\/p>\n\n\n\n<p>Ante estos hechos, la instituci\u00f3n de procuraci\u00f3n de justicia &#8211;a trav\u00e9s de la Vicefiscal\u00eda Regional de la Costa&#8211;, inici\u00f3 una \u201cexhaustiva y diligente investigaci\u00f3n\u201d, logrando identificar, aprehender y presentar ante el Juez de Control al probable responsable, difundi\u00f3 la dependencia, pero ahora, qued\u00f3 en libertad por la falta de pruebas.<\/p>\n","protected":false},"excerpt":{"rendered":"<p>Redacci\u00f3n\/Zona Roja. Oaxaca de Ju\u00e1rez, Oax., 14 de octubre de 2020.- De nueva cuenta, insuficientes&hellip;<\/p>\n","protected":false},"author":2,"featured_media":18797,"comment_status":"closed","ping_status":"open","sticky":false,"template":"","format":"standard","meta":{"_lmt_disableupdate":"","_lmt_disable":"","_jetpack_memberships_contains_paid_content":false,"footnotes":""},"categories":[109,47],"tags":[494],"class_list":["post-18796","post","type-post","status-publish","format-standard","has-post-thumbnail","hentry","category-minuto-a-minuto","category-zona-gris","tag-fiscalia-general-del-estado-de-oaxaca"],"jetpack_featured_media_url":"https:\/\/zonaroja.com.mx\/wp-content\/uploads\/2020\/10\/Protesta-taxistas-Pinotepa-Nacional.png","jetpack_sharing_enabled":true,"_links":{"self":[{"href":"https:\/\/zonaroja.com.mx\/index.php?rest_route=\/wp\/v2\/posts\/18796","targetHints":{"allow":["GET"]}}],"collection":[{"href":"https:\/\/zonaroja.com.mx\/index.php?rest_route=\/wp\/v2\/posts"}],"about":[{"href":"https:\/\/zonaroja.com.mx\/index.php?rest_route=\/wp\/v2\/types\/post"}],"author":[{"embeddable":true,"href":"https:\/\/zonaroja.com.mx\/index.php?rest_route=\/wp\/v2\/users\/2"}],"replies":[{"embeddable":true,"href":"https:\/\/zonaroja.com.mx\/index.php?rest_route=%2Fwp%2Fv2%2Fcomments&post=18796"}],"version-history":[{"count":1,"href":"https:\/\/zonaroja.com.mx\/index.php?rest_route=\/wp\/v2\/posts\/18796\/revisions"}],"predecessor-version":[{"id":18799,"href":"https:\/\/zonaroja.com.mx\/index.php?rest_route=\/wp\/v2\/posts\/18796\/revisions\/18799"}],"wp:featuredmedia":[{"embeddable":true,"href":"https:\/\/zonaroja.com.mx\/index.php?rest_route=\/wp\/v2\/media\/18797"}],"wp:attachment":[{"href":"https:\/\/zonaroja.com.mx\/index.php?rest_route=%2Fwp%2Fv2%2Fmedia&parent=18796"}],"wp:term":[{"taxonomy":"category","embeddable":true,"href":"https:\/\/zonaroja.com.mx\/index.php?rest_route=%2Fwp%2Fv2%2Fcategories&post=18796"},{"taxonomy":"post_tag","embeddable":true,"href":"https:\/\/zonaroja.com.mx\/index.php?rest_route=%2Fwp%2Fv2%2Ftags&post=18796"}],"curies":[{"name":"wp","href":"https:\/\/api.w.org\/{rel}","templated":true}]}}