{"id":18800,"date":"2020-10-14T20:36:32","date_gmt":"2020-10-15T01:36:32","guid":{"rendered":"http:\/\/www.zonaroja.com.mx\/?p=18800"},"modified":"2020-10-14T20:36:35","modified_gmt":"2020-10-15T01:36:35","slug":"autoridad-de-jalapa-de-diaz-y-familia-concentran-a-poblacion-para-homenajear-a-ex-edil-asesinado","status":"publish","type":"post","link":"https:\/\/zonaroja.com.mx\/?p=18800","title":{"rendered":"Autoridad de Jalapa de D\u00edaz y familia concentran a poblaci\u00f3n para homenajear a ex edil asesinado"},"content":{"rendered":"\n<p>Yuridiana Sosa\/Zona Roja.<\/p>\n\n\n\n<p>San Juan Bautista Tuxtepec, Oax., 14 de octubre de 2020.- En la explanada frente al palacio municipal, autoridades de San Felipe Jalapa de D\u00edaz y familiares llevaron a cabo un homenaje p\u00f3stumo al ex edil Arturo Garc\u00eda, ejecutado en diciembre pasado, quien este mi\u00e9rcoles cumplir\u00eda 33 a\u00f1os de edad.<\/p>\n\n\n\n<p>La celebraci\u00f3n se realiz\u00f3 a pesar que las autoridades estatales y federales de salud mantienen la indicaci\u00f3n de no realizar eventos masivos por la permanencia de la contingencia ante el Covid-19 y en la que Oaxaca increment\u00f3 en sus niveles de riesgo por el alto n\u00famero de contagio registrado en las \u00faltimas semanas.<\/p>\n\n\n\n<p>En la actividad particip\u00f3 el presidente municipal, Jes\u00fas Garc\u00eda Velasco, hermano del finado edil, as\u00ed como los padres, la viuda, trabajadores del ayuntamiento y poblaci\u00f3n en general, quienes se reunieron en la iglesia y en la plaza, en su mayor\u00eda portando cubrebocas.<\/p>\n\n\n\n<figure class=\"wp-block-image size-large\"><img decoding=\"async\" width=\"1024\" height=\"664\" src=\"http:\/\/www.zonaroja.com.mx\/wp-content\/uploads\/2020\/10\/Homenaje-Jalap-de-Diaz-2-1024x664.jpg\" alt=\"\" class=\"wp-image-18801\" srcset=\"https:\/\/zonaroja.com.mx\/wp-content\/uploads\/2020\/10\/Homenaje-Jalap-de-Diaz-2-1024x664.jpg 1024w, https:\/\/zonaroja.com.mx\/wp-content\/uploads\/2020\/10\/Homenaje-Jalap-de-Diaz-2-300x194.jpg 300w, https:\/\/zonaroja.com.mx\/wp-content\/uploads\/2020\/10\/Homenaje-Jalap-de-Diaz-2-768x498.jpg 768w, https:\/\/zonaroja.com.mx\/wp-content\/uploads\/2020\/10\/Homenaje-Jalap-de-Diaz-2-585x379.jpg 585w, https:\/\/zonaroja.com.mx\/wp-content\/uploads\/2020\/10\/Homenaje-Jalap-de-Diaz-2.jpg 1157w\" sizes=\"(max-width: 1024px) 100vw, 1024px\" \/><\/figure>\n\n\n\n<p>Jalapa de D\u00edaz, en la regi\u00f3n de la Cuenca, registra de forma oficial 18 casos confirmados de Covid-19, de los que el 67 por ciento ha requerido hospitalizaci\u00f3n, as\u00ed como el fallecimiento de cinco ciudadanos.<\/p>\n\n\n\n<p>El ex edil de Jalapa de D\u00edaz, Arturo Garc\u00eda Vel\u00e1squez, fue detenido por la Fiscal\u00eda General del Estado el pasado 24 de octubre de 2019, junto con mandos policiacos, presuntamente por su relaci\u00f3n con varios delitos, entre ellos la desaparici\u00f3n de personas y por almacenar armas de fuego de uso exclusivo del ej\u00e9rcito en su domicilio.<\/p>\n\n\n\n<p>Una semana despu\u00e9s, el edil qued\u00f3 en libertad al no sustentarse las denuncias en su contra y por violaciones a la orden de cateo.<\/p>\n\n\n\n<p>El 23 de diciembre el edil fue ejecutado en plena convivencia navide\u00f1a en un acto p\u00fablico con la poblaci\u00f3n; en el hecho tambi\u00e9n fue asesinado el S\u00edndico Javier Terrero.<\/p>\n","protected":false},"excerpt":{"rendered":"<p>Yuridiana Sosa\/Zona Roja. San Juan Bautista Tuxtepec, Oax., 14 de octubre de 2020.- En la&hellip;<\/p>\n","protected":false},"author":2,"featured_media":18802,"comment_status":"closed","ping_status":"open","sticky":false,"template":"","format":"standard","meta":{"_lmt_disableupdate":"","_lmt_disable":"","_jetpack_memberships_contains_paid_content":false,"footnotes":""},"categories":[109,47],"tags":[580],"class_list":["post-18800","post","type-post","status-publish","format-standard","has-post-thumbnail","hentry","category-minuto-a-minuto","category-zona-gris","tag-san-felipe-jalapa-de-diaz"],"jetpack_featured_media_url":"https:\/\/zonaroja.com.mx\/wp-content\/uploads\/2020\/10\/Homenaje-Jalapa-de-Diaz-1.jpg","jetpack_sharing_enabled":true,"_links":{"self":[{"href":"https:\/\/zonaroja.com.mx\/index.php?rest_route=\/wp\/v2\/posts\/18800","targetHints":{"allow":["GET"]}}],"collection":[{"href":"https:\/\/zonaroja.com.mx\/index.php?rest_route=\/wp\/v2\/posts"}],"about":[{"href":"https:\/\/zonaroja.com.mx\/index.php?rest_route=\/wp\/v2\/types\/post"}],"author":[{"embeddable":true,"href":"https:\/\/zonaroja.com.mx\/index.php?rest_route=\/wp\/v2\/users\/2"}],"replies":[{"embeddable":true,"href":"https:\/\/zonaroja.com.mx\/index.php?rest_route=%2Fwp%2Fv2%2Fcomments&post=18800"}],"version-history":[{"count":1,"href":"https:\/\/zonaroja.com.mx\/index.php?rest_route=\/wp\/v2\/posts\/18800\/revisions"}],"predecessor-version":[{"id":18803,"href":"https:\/\/zonaroja.com.mx\/index.php?rest_route=\/wp\/v2\/posts\/18800\/revisions\/18803"}],"wp:featuredmedia":[{"embeddable":true,"href":"https:\/\/zonaroja.com.mx\/index.php?rest_route=\/wp\/v2\/media\/18802"}],"wp:attachment":[{"href":"https:\/\/zonaroja.com.mx\/index.php?rest_route=%2Fwp%2Fv2%2Fmedia&parent=18800"}],"wp:term":[{"taxonomy":"category","embeddable":true,"href":"https:\/\/zonaroja.com.mx\/index.php?rest_route=%2Fwp%2Fv2%2Fcategories&post=18800"},{"taxonomy":"post_tag","embeddable":true,"href":"https:\/\/zonaroja.com.mx\/index.php?rest_route=%2Fwp%2Fv2%2Ftags&post=18800"}],"curies":[{"name":"wp","href":"https:\/\/api.w.org\/{rel}","templated":true}]}}