{"id":18805,"date":"2020-10-14T20:56:29","date_gmt":"2020-10-15T01:56:29","guid":{"rendered":"http:\/\/www.zonaroja.com.mx\/?p=18805"},"modified":"2020-10-14T21:07:35","modified_gmt":"2020-10-15T02:07:35","slug":"defender-la-autonomia-de-la-uabjo-pide-pt-desde-el-congreso-de-oaxaca","status":"publish","type":"post","link":"https:\/\/zonaroja.com.mx\/?p=18805","title":{"rendered":"Defender la autonom\u00eda de la UABJO, pide PT desde el Congreso de Oaxaca"},"content":{"rendered":"\n<p>Yuridiana Sosa\/Zona Roja.<\/p>\n\n\n\n<p>Oaxaca de Ju\u00e1rez, Oax., 14 de octubre de 2020.- La bancada del Partido del Trabajo en la 64 Legislatura de Oaxaca se pronunci\u00f3 este mi\u00e9rcoles por la defensa de la autonom\u00eda de la UABJO y exhort\u00f3 al gobernador Alejandro Murat, a no intervenir en la vida interna de la instituci\u00f3n.<\/p>\n\n\n\n<p>En la sesi\u00f3n de la Diputaci\u00f3n Permanente, el grupo parlamentario del PT present\u00f3 un punto de acuerdo  a fin de llamar al titular del Poder Ejecutivo para que omita realizar cualquier acto de autoridad de gobierno sobre el ejercicio de la pol\u00edtica interna de la Universidad Aut\u00f3noma \u00abBenito Ju\u00e1rez\u00bb de Oaxaca.<\/p>\n\n\n\n<p>Demand\u00f3 que el mandatario se abstenga de participar \u201cen cualquiera de las vertientes, autogobierno, auto-regulaci\u00f3n, auto-organizaci\u00f3n acad\u00e9mica y autogesti\u00f3n administrativa\u201d, en voz del diputado C\u00e9sar Morales Ni\u00f1o, a nombre de los diputados de su fracci\u00f3n parlamentaria.<\/p>\n\n\n\n<figure class=\"wp-block-embed-twitter wp-block-embed is-type-rich is-provider-twitter\"><div class=\"wp-block-embed__wrapper\">\n<div class=\"twitter-tweet\"><blockquote class=\"twitter-tweet\" data-lang=\"es\"><p lang=\"es\" dir=\"ltr\"><a href=\"https:\/\/twitter.com\/hashtag\/%C3%9AltimoMinuto?src=hash&amp;ref_src=twsrc%5Etfw\">#\u00daltimoMinuto<\/a> <br>A nombre de la bancada del Partido del Trabajo, el diputado <a href=\"https:\/\/twitter.com\/cesarmoralesn?ref_src=twsrc%5Etfw\">@cesarmoralesn<\/a> se pronunci\u00f3 hoy en el <a href=\"https:\/\/twitter.com\/CongresoOaxLXIV?ref_src=twsrc%5Etfw\">@CongresoOaxLXIV<\/a> por el respeto a las decisiones internas de la <a href=\"https:\/\/twitter.com\/UABJO?ref_src=twsrc%5Etfw\">@UABJO<\/a> y pidi\u00f3 a los universitarios defender la autonom\u00eda de la m\u00e1xima casa de estudios. <a href=\"https:\/\/t.co\/yBEWwVKTWo\">pic.twitter.com\/yBEWwVKTWo<\/a><\/p>&mdash; Zona Roja Oaxaca (@MexRoja) <a href=\"https:\/\/twitter.com\/MexRoja\/status\/1316478169105395712?ref_src=twsrc%5Etfw\">14 de octubre de 2020<\/a><\/blockquote><\/div>\n<\/div><\/figure>\n\n\n\n<p>En su participaci\u00f3n,  a nombre de sus compa\u00f1eros No\u00e9 Doroteo Castillejos y Sa\u00fal Cruz, Morales Ni\u00f1o convoc\u00f3 a los universitarios a defender la autonom\u00eda de la m\u00e1xima casa de estudios de Oaxaca, la cual se conduce bajo esa figura desde hace 49 a\u00f1os y as\u00ed deben mantenerse.<\/p>\n\n\n\n<p>Lament\u00f3 que el mandatario estatal responde con sarcasmo al negar que no ha participado en los intentos de comprar al consejo universitario para imponer a un nuevo rector, en este caso a Gilberto Gamboa, quien es ajeno a la universidad y hasta ahora ha omitido emitir alg\u00fan posicionamiento sobre el conflicto surgido desde hace casi una semana.<\/p>\n","protected":false},"excerpt":{"rendered":"<p>Yuridiana Sosa\/Zona Roja. Oaxaca de Ju\u00e1rez, Oax., 14 de octubre de 2020.- La bancada del&hellip;<\/p>\n","protected":false},"author":2,"featured_media":18806,"comment_status":"closed","ping_status":"open","sticky":false,"template":"","format":"standard","meta":{"_lmt_disableupdate":"","_lmt_disable":"","_jetpack_memberships_contains_paid_content":false,"footnotes":""},"categories":[109,46],"tags":[612],"class_list":["post-18805","post","type-post","status-publish","format-standard","has-post-thumbnail","hentry","category-minuto-a-minuto","category-zona-blanca","tag-cesar-morales-nino"],"jetpack_featured_media_url":"https:\/\/zonaroja.com.mx\/wp-content\/uploads\/2020\/10\/Diputados-PT-Congreso-Oaxaca.jpg","jetpack_sharing_enabled":true,"_links":{"self":[{"href":"https:\/\/zonaroja.com.mx\/index.php?rest_route=\/wp\/v2\/posts\/18805","targetHints":{"allow":["GET"]}}],"collection":[{"href":"https:\/\/zonaroja.com.mx\/index.php?rest_route=\/wp\/v2\/posts"}],"about":[{"href":"https:\/\/zonaroja.com.mx\/index.php?rest_route=\/wp\/v2\/types\/post"}],"author":[{"embeddable":true,"href":"https:\/\/zonaroja.com.mx\/index.php?rest_route=\/wp\/v2\/users\/2"}],"replies":[{"embeddable":true,"href":"https:\/\/zonaroja.com.mx\/index.php?rest_route=%2Fwp%2Fv2%2Fcomments&post=18805"}],"version-history":[{"count":2,"href":"https:\/\/zonaroja.com.mx\/index.php?rest_route=\/wp\/v2\/posts\/18805\/revisions"}],"predecessor-version":[{"id":18808,"href":"https:\/\/zonaroja.com.mx\/index.php?rest_route=\/wp\/v2\/posts\/18805\/revisions\/18808"}],"wp:featuredmedia":[{"embeddable":true,"href":"https:\/\/zonaroja.com.mx\/index.php?rest_route=\/wp\/v2\/media\/18806"}],"wp:attachment":[{"href":"https:\/\/zonaroja.com.mx\/index.php?rest_route=%2Fwp%2Fv2%2Fmedia&parent=18805"}],"wp:term":[{"taxonomy":"category","embeddable":true,"href":"https:\/\/zonaroja.com.mx\/index.php?rest_route=%2Fwp%2Fv2%2Fcategories&post=18805"},{"taxonomy":"post_tag","embeddable":true,"href":"https:\/\/zonaroja.com.mx\/index.php?rest_route=%2Fwp%2Fv2%2Ftags&post=18805"}],"curies":[{"name":"wp","href":"https:\/\/api.w.org\/{rel}","templated":true}]}}