{"id":18809,"date":"2020-10-16T14:07:44","date_gmt":"2020-10-16T19:07:44","guid":{"rendered":"http:\/\/www.zonaroja.com.mx\/?p=18809"},"modified":"2020-10-16T17:58:40","modified_gmt":"2020-10-16T22:58:40","slug":"la-pandemia-del-covid-arrasa-tambien-con-periodistas","status":"publish","type":"post","link":"https:\/\/zonaroja.com.mx\/?p=18809","title":{"rendered":"La pandemia del Covid arrasa tambi\u00e9n con periodistas"},"content":{"rendered":"\n<p>Ismael Garc\u00eda M.\/Zona Roja.<\/p>\n\n\n\n<p>Oaxaca de Ju\u00e1rez, Oax., 16 de octubre de 2020.- La pandemia del Covid-19 alcanz\u00f3 a todos los sectores y a siete meses de permanencia en M\u00e9xico, no hay cura a la vista. Y s\u00ed hay pron\u00f3stico de que el virus lleg\u00f3 para quedarse.<\/p>\n\n\n\n<p>\u00bfQu\u00e9 hacen las autoridades federales y estatales del sector salud? Jugar, literalmente, con la sociedad; por un lado, insisten en que se tomen medidas de distanciamiento social y sanitarias.<\/p>\n\n\n\n<p>Pero por el otro lado, permiten actos masivos &#8211;que ellos mismos protagonizan&#8211;, apertura general de restaurantes y bares, conglomeraciones en mercados y plazas comerciales y un largo etc\u00e9tera que incluye protestas y bloqueos de vialidades.<\/p>\n\n\n\n<p>La pandemia lleg\u00f3 para quedarse y si el sector de trabajadores de la salud no ha sido inmune, mucho menos el de los periodistas, muchos de los cuales han sufrido los estragos del Covid, en algunos casos con saldos fatales.<\/p>\n\n\n\n<p>En Oaxaca, de los casos m\u00e1s recientes est\u00e1 el de Humberto Cruz Mat\u00edas, que el 5 de octubre anunci\u00f3 su confinamiento al presentar s\u00edntomas de la enfermedad; al momento de redactar este art\u00edculo, permanec\u00eda fuera su actividad period\u00edstica en la cabina de ORO Divisi\u00f3n Noticias.<\/p>\n\n\n\n<p>Como lo hace en el mismo lapso su compa\u00f1ero de micr\u00f3fono, F\u00e9lix Garc\u00eda Garc\u00eda, aunque \u00e9ste no ha especificado los motivos de su ausencia. Como resultado de ello, ha habido desfase de por lo menos media hora en los noticiarios y el pasado fin de semana fueron cancelados.<\/p>\n\n\n\n<p>\u201cLiteralmente regres\u00e9 de la tumba, hoy (s\u00e1bado 10 de octubre) me dieron de alta\u201d, refiri\u00f3 el locutor Jaime Vel\u00e1squez, que inicialmente se inform\u00f3 que se hab\u00eda hospitalizado por males cr\u00f3nico-degenerativos, aunque al final \u00e9l mismo acept\u00f3 haber sufrido el contagio; semanas atr\u00e1s lo padeci\u00f3 un familiar de \u00e9l.<\/p>\n\n\n\n<p>El pasado martes, Jaime poste\u00f3 que su compa\u00f1ero de cabina, Omar Aguilar, tambi\u00e9n ingres\u00f3 a un hospital al confirmarse el contagio.<\/p>\n\n\n\n<p>Es larga la lista de colegas periodistas y articulistas &#8211;como Isidoro Yescas y su esposa Paula&#8211; que han dado positivo al Covid y que han logrado salir avante.<\/p>\n\n\n\n<p>Apenas la semana pasada tambi\u00e9n, el reportero de redes sociales de \u201cEl Imparcial\u201d, Jes\u00fas Santiago, contrajo el padecimiento y se encontraba resguardado en su domicilio.<\/p>\n\n\n\n<p>La salud de Roberto Hern\u00e1ndez, director de \u201cEl Pi\u00f1ero\u201d, estuvo tambi\u00e9n en riesgo por varias semanas y finalmente sali\u00f3 avante.<\/p>\n\n\n\n<p>Las p\u00e9rdidas son fatales. La redacci\u00f3n y la cabina de la radiodifusora \u201cLa Z\u201d enmudeci\u00f3 por m\u00e1s de un mes, tras el fallecimiento, a finales de mayo, de Jos\u00e9 Luis Ceballos, destacado locutor y de larga trayectoria en el medio radiof\u00f3nico; lamentablemente, despu\u00e9s perdi\u00f3 la vida su madre.<\/p>\n\n\n\n<p>Manuel Cano L\u00f3pez, uno de los decanos del periodismo de la regi\u00f3n del Istmo de Tehuantepec, no fue ajeno tambi\u00e9n a la fatalidad del coronavirus, en la primera semana de julio.<\/p>\n\n\n\n<p>Uno de los m\u00e1s sentidos decesos, en la tercera semana de agosto, fue el del periodista y columnista Narciso Reyes, de \u201cTiempo de Oaxaca\u201d, su casa editorial por muchos a\u00f1os, luego de transitar por varios medios informativos.<\/p>\n\n\n\n<p>Recientemente perdi\u00f3 la vida tambi\u00e9n Guillermo Castillejos \u00c1vila, otro comunicador de la vieja guardia, aunque no se especific\u00f3 p\u00fablicamente si fue por Covid.<\/p>\n\n\n\n<p>Tambi\u00e9n perdi\u00f3 la batalla contra el coronavirus el viejo colega Mario P\u00e9rez D\u00edaz, fundador del peri\u00f3dico \u201cEl Mosquito\u201d y uno de los fundadores de la Asociaci\u00f3n de Periodistas de Oaxaca.<\/p>\n\n\n\n<p>A la larga lista se agregan Luis Mart\u00ednez Cervantes, articulista del diario \u201cEl Imparcial\u201d, de cuya familia al menos otros dos miembros perdieron la vida.<\/p>\n\n\n\n<p>En la mayor\u00eda de los casos no es responsabilidad de la empresa en que laboran, pues varias de ellas se han adaptado a las tecnolog\u00edas y trabajan a distancia; los que no, han procurado la higiene correspondiente.<\/p>\n\n\n\n<p>En otros casos, es pr\u00e1cticamente imposible mantener la sana distancia, a\u00fan cuando se quiere.&nbsp;<\/p>\n\n\n\n<p>Principalmente en los casos de cobertura de protestas, bloqueos, conferencias de prensa, que desde hace dos meses abunda en Oaxaca.<\/p>\n\n\n\n<p>Para los periodistas de redes sociales, que tienen que estar al momento, materialmente es imposible estar a un metro y medio de distancia como m\u00ednimo. La prueba m\u00e1s fehaciente ocurri\u00f3 el pasado viernes 9 de octubre en que, por primera vez en la pandemia, el gobernador Alejandro Murat efectu\u00f3 un acto p\u00fablico masivo en el patio central del Palacio de Gobierno.<\/p>\n\n\n\n<p>Tras ello dio una conferencia de prensa en que, sin remedio, no se guardaron las distancias, ni siquiera entre los funcionarios.<\/p>\n\n\n\n<p>El pasado 21 de agosto, el diario \u201cEl Pa\u00eds\u201d inform\u00f3 que hasta mediados de julio, la Sociedad Interamericana de Prensa (SIP) hab\u00eda registrado 109 periodistas y trabajadores de prensa fallecidos por la covid-19, contagiados en cumplimiento de su labor informativa.&nbsp;<\/p>\n\n\n\n<p>De ellos, 26 eran mexicanos, 23 de Per\u00fa y 16 de Ecuador. El director ejecutivo de la SIP, Ricardo Trotti, dijo a ese diario espa\u00f1ol que la pandemia ha significado \u201cun nuevo desaf\u00edo para la seguridad de los periodistas, sum\u00e1ndose a los cr\u00edmenes cometidos\u201d contra ellos por el narcotr\u00e1fico, grupos armados clandestinos y como consecuencia de la corrupci\u00f3n de los funcionarios del sector p\u00fablico.<\/p>\n\n\n\n<p>\u201dDurante esta pandemia murieron por causas de la covid-19 m\u00e1s periodistas y personal de medios que en cinco a\u00f1os de represalias tomadas por los criminales. Esta situaci\u00f3n llama la atenci\u00f3n de la SIP\u201d, expres\u00f3.<\/p>\n\n\n\n<p>El 7 de agosto, el presidente de esa organizaci\u00f3n, Christopher Barnes, inst\u00f3 a los medios de comunicaci\u00f3n a tener mejores protocolos de seguridad sanitaria y se refiri\u00f3 a la pandemia como \u201cun problema que debe atacarse con urgencia y prioridad\u201d en las redacciones.<\/p>\n\n\n\n<p>S\u00ed, evidentemente que la responsabilidad es de ambas partes, sociedad y autoridades de todos los niveles. Por lo pronto, en lo que respecta al gremio, no resta m\u00e1s que seguir de manera estricta las medidas sanitarias para evitar m\u00e1s saldos fatales.<\/p>\n\n\n\n<p>Aqu\u00ed la liga de \u00abCuadernos de la Pandemia\u00bb:<\/p>\n\n\n\n<figure class=\"wp-block-embed\"><div class=\"wp-block-embed__wrapper\">\nhttps:\/\/indd.adobe.com\/view\/3ac40c81-e432-4e36-aec5-78f0bf08c196?fbclid=IwAR1MjxCWSrfXLgJH7px3yZXWmfZkacXC5LTxWEOVp3dwPPqQ0-Hk9i2SsRY\n<\/div><\/figure>\n","protected":false},"excerpt":{"rendered":"<p>Ismael Garc\u00eda M.\/Zona Roja. Oaxaca de Ju\u00e1rez, Oax., 16 de octubre de 2020.- La pandemia&hellip;<\/p>\n","protected":false},"author":2,"featured_media":7610,"comment_status":"closed","ping_status":"open","sticky":false,"template":"","format":"standard","meta":{"_lmt_disableupdate":"","_lmt_disable":"","_jetpack_memberships_contains_paid_content":false,"footnotes":""},"categories":[456,109,48],"tags":[1353],"class_list":["post-18809","post","type-post","status-publish","format-standard","has-post-thumbnail","hentry","category-columna","category-minuto-a-minuto","category-zona-critica","tag-opinion-zona-critica"],"jetpack_featured_media_url":"https:\/\/zonaroja.com.mx\/wp-content\/uploads\/2020\/01\/Opini\u00f3n-Zona-Cr\u00edtica.jpg","jetpack_sharing_enabled":true,"_links":{"self":[{"href":"https:\/\/zonaroja.com.mx\/index.php?rest_route=\/wp\/v2\/posts\/18809","targetHints":{"allow":["GET"]}}],"collection":[{"href":"https:\/\/zonaroja.com.mx\/index.php?rest_route=\/wp\/v2\/posts"}],"about":[{"href":"https:\/\/zonaroja.com.mx\/index.php?rest_route=\/wp\/v2\/types\/post"}],"author":[{"embeddable":true,"href":"https:\/\/zonaroja.com.mx\/index.php?rest_route=\/wp\/v2\/users\/2"}],"replies":[{"embeddable":true,"href":"https:\/\/zonaroja.com.mx\/index.php?rest_route=%2Fwp%2Fv2%2Fcomments&post=18809"}],"version-history":[{"count":2,"href":"https:\/\/zonaroja.com.mx\/index.php?rest_route=\/wp\/v2\/posts\/18809\/revisions"}],"predecessor-version":[{"id":18882,"href":"https:\/\/zonaroja.com.mx\/index.php?rest_route=\/wp\/v2\/posts\/18809\/revisions\/18882"}],"wp:featuredmedia":[{"embeddable":true,"href":"https:\/\/zonaroja.com.mx\/index.php?rest_route=\/wp\/v2\/media\/7610"}],"wp:attachment":[{"href":"https:\/\/zonaroja.com.mx\/index.php?rest_route=%2Fwp%2Fv2%2Fmedia&parent=18809"}],"wp:term":[{"taxonomy":"category","embeddable":true,"href":"https:\/\/zonaroja.com.mx\/index.php?rest_route=%2Fwp%2Fv2%2Fcategories&post=18809"},{"taxonomy":"post_tag","embeddable":true,"href":"https:\/\/zonaroja.com.mx\/index.php?rest_route=%2Fwp%2Fv2%2Ftags&post=18809"}],"curies":[{"name":"wp","href":"https:\/\/api.w.org\/{rel}","templated":true}]}}