{"id":1881,"date":"2019-06-27T17:57:41","date_gmt":"2019-06-27T22:57:41","guid":{"rendered":"http:\/\/www.zonaroja.com.mx\/?p=1881"},"modified":"2019-06-27T17:57:44","modified_gmt":"2019-06-27T22:57:44","slug":"impunes-feminicidios-en-la-costa-tres-casos-en-pochutla","status":"publish","type":"post","link":"https:\/\/zonaroja.com.mx\/?p=1881","title":{"rendered":"Impunes, feminicidios en la Costa; tres casos en Pochutla"},"content":{"rendered":"\n<p>Redacci\u00f3n<\/p>\n\n\n\n<p>Oaxaca de Ju\u00e1rez,\nOax., 27 de junio de 2019.- Al menos cinco casos de probable feminicidio se\nregistran este a\u00f1o en la regi\u00f3n de la Costa, tres de ellos en San Pedro\nPochutla, pero en ninguno de ellos hay personas detenidas.<\/p>\n\n\n\n<p>En este\n\u00faltimo municipio, ayer se confirm\u00f3 el asesinato a balazos de una persona de la\ntercera edad, en el interior de su domicilio, ubicado en la comunidad de San\nRafael Toltepec.<\/p>\n\n\n\n<p>La\nVicefiscal\u00eda Regional de la Costa precis\u00f3 que se investiga un presunto asalto,\ndonde perdi\u00f3 la vida la se\u00f1ora Estela Figueroa P\u00e9rez, de 68 a\u00f1os de edad,\nmientras que su esposo Alberto A. F., result\u00f3 ileso; hasta el momento no hay\npersonas detenidas.<\/p>\n\n\n\n<p>En tanto, la\nse\u00f1ora Edith L\u00f3pez Mu\u00f1oz, de 40 a\u00f1os, fue asesinada a machetazos el pasado 18\nde junio en un camino de terracer\u00eda al asentamiento Barrio Nuevo, cerca de la\nEscuela Secundaria T\u00e9cnica n\u00famero 10.<\/p>\n\n\n\n<p>El 27 de\nmayo \u00faltimo, en un hotel del centro de Pochutla fue ultimada Yanet Jarqu\u00edn\nBautista, de 27 a\u00f1os de edad y vecina del Barrio Loma Cruz.<\/p>\n\n\n\n<p>Ambas dejaron hijos en la orfandad y no hay aprehensiones relacionadas con estos casos.<\/p>\n\n\n\n<figure class=\"wp-block-embed-twitter aligncenter wp-block-embed is-type-rich is-provider-twitter\"><div class=\"wp-block-embed__wrapper\">\n<div class=\"twitter-tweet\"><blockquote class=\"twitter-tweet\" data-lang=\"es\"><p lang=\"es\" dir=\"ltr\"><a href=\"https:\/\/twitter.com\/hashtag\/ENVIVO?src=hash&amp;ref_src=twsrc%5Etfw\">#ENVIVO<\/a> \ud83c\udfa5 Caminata por la Paz en San Pedro <a href=\"https:\/\/twitter.com\/hashtag\/Pochutla?src=hash&amp;ref_src=twsrc%5Etfw\">#Pochutla<\/a>. <a href=\"https:\/\/twitter.com\/hashtag\/Oaxaca?src=hash&amp;ref_src=twsrc%5Etfw\">#Oaxaca<\/a> \ud83d\udd17 <a href=\"https:\/\/t.co\/C38HfXEQRd\">https:\/\/t.co\/C38HfXEQRd<\/a> <a href=\"https:\/\/t.co\/yE09qf1ix1\">pic.twitter.com\/yE09qf1ix1<\/a><\/p>&mdash; Saymi Pineda Velasco (@saymipinedav) <a href=\"https:\/\/twitter.com\/saymipinedav\/status\/1143685844047454209?ref_src=twsrc%5Etfw\">26 de junio de 2019<\/a><\/blockquote><\/div>\n<\/div><\/figure>\n\n\n\n<p>Pochutla es\nuno de los 40 municipios de Oaxaca considerados en la declaratoria de Alerta de\nG\u00e9nero que emiti\u00f3 la Secretar\u00eda de Gobernaci\u00f3n, por el alto n\u00famero de mujeres\nasesinadas. <\/p>\n\n\n\n<p>El pasado\nmartes, autoridades y pobladores salieron a las calles de ese municipio coste\u00f1o\npara exigir a la Fiscal\u00eda General del Estado aplique justicia y agilice las\ninvestigaciones.<\/p>\n","protected":false},"excerpt":{"rendered":"<p>Redacci\u00f3n Oaxaca de Ju\u00e1rez, Oax., 27 de junio de 2019.- Al menos cinco casos de&hellip;<\/p>\n","protected":false},"author":2,"featured_media":1882,"comment_status":"closed","ping_status":"open","sticky":false,"template":"","format":"standard","meta":{"_lmt_disableupdate":"","_lmt_disable":"","_jetpack_memberships_contains_paid_content":false,"footnotes":""},"categories":[109,51],"tags":[97,59,151],"class_list":["post-1881","post","type-post","status-publish","format-standard","has-post-thumbnail","hentry","category-minuto-a-minuto","category-zona-roja","tag-feminicidios","tag-fiscalia-general-del-estado","tag-san-pedro-pochutla"],"jetpack_featured_media_url":"https:\/\/zonaroja.com.mx\/wp-content\/uploads\/2019\/06\/Feminicidios-Pochutla.jpg","jetpack_sharing_enabled":true,"_links":{"self":[{"href":"https:\/\/zonaroja.com.mx\/index.php?rest_route=\/wp\/v2\/posts\/1881","targetHints":{"allow":["GET"]}}],"collection":[{"href":"https:\/\/zonaroja.com.mx\/index.php?rest_route=\/wp\/v2\/posts"}],"about":[{"href":"https:\/\/zonaroja.com.mx\/index.php?rest_route=\/wp\/v2\/types\/post"}],"author":[{"embeddable":true,"href":"https:\/\/zonaroja.com.mx\/index.php?rest_route=\/wp\/v2\/users\/2"}],"replies":[{"embeddable":true,"href":"https:\/\/zonaroja.com.mx\/index.php?rest_route=%2Fwp%2Fv2%2Fcomments&post=1881"}],"version-history":[{"count":1,"href":"https:\/\/zonaroja.com.mx\/index.php?rest_route=\/wp\/v2\/posts\/1881\/revisions"}],"predecessor-version":[{"id":1883,"href":"https:\/\/zonaroja.com.mx\/index.php?rest_route=\/wp\/v2\/posts\/1881\/revisions\/1883"}],"wp:featuredmedia":[{"embeddable":true,"href":"https:\/\/zonaroja.com.mx\/index.php?rest_route=\/wp\/v2\/media\/1882"}],"wp:attachment":[{"href":"https:\/\/zonaroja.com.mx\/index.php?rest_route=%2Fwp%2Fv2%2Fmedia&parent=1881"}],"wp:term":[{"taxonomy":"category","embeddable":true,"href":"https:\/\/zonaroja.com.mx\/index.php?rest_route=%2Fwp%2Fv2%2Fcategories&post=1881"},{"taxonomy":"post_tag","embeddable":true,"href":"https:\/\/zonaroja.com.mx\/index.php?rest_route=%2Fwp%2Fv2%2Ftags&post=1881"}],"curies":[{"name":"wp","href":"https:\/\/api.w.org\/{rel}","templated":true}]}}