{"id":18817,"date":"2020-10-15T07:51:29","date_gmt":"2020-10-15T12:51:29","guid":{"rendered":"http:\/\/www.zonaroja.com.mx\/?p=18817"},"modified":"2020-10-15T07:51:32","modified_gmt":"2020-10-15T12:51:32","slug":"crece-violencia-en-juxtlahuaca-un-muerto-y-dos-heridos-por-balacera","status":"publish","type":"post","link":"https:\/\/zonaroja.com.mx\/?p=18817","title":{"rendered":"Crece violencia en Juxtlahuaca: un muerto y dos heridos por balacera"},"content":{"rendered":"\n<p>Ismael Garc\u00eda M.\/Zona Roja.<\/p>\n\n\n\n<p>Oaxaca de Ju\u00e1rez, Oax., 15 de octubre de 2020.- Una persona fallecida y dos m\u00e1s lesionadas por disparos de arma de fuego, es el saldo de dos hechos violentos ocurridos en el municipio de Santiago Juxtlahuaca, Oaxaca.<\/p>\n\n\n\n<p>Cerca de la media noche de ayer, ocurri\u00f3 una balacera en la calle Melchor Ocampo esquina con Allende, en el centro de dicho municipio de la regi\u00f3n Mixteca.<\/p>\n\n\n\n<p>Como resultado de ello, perdi\u00f3 la vida una persona a\u00fan no identificada y s\u00f3lo se dijo que era un comerciante de Santo Domingo Tonal\u00e1,; otra m\u00e1s, Rosalindo L. V., de 57 a\u00f1os de edad, result\u00f3 lesionada.<\/p>\n\n\n\n<p>Presuntamente fueron agredidos a balazos desde el interior de una unidad de motor, quienes lograron darse a la fuga.<\/p>\n\n\n\n<p>Por otra parte, el martes 13, alrededor de las 16:00 horas, fue agredido con disparos de arma de fuego el se\u00f1or Epifanio de Jes\u00fas Mart\u00ednez, en el paraje \u201cLoma de Cuervo\u201d.<\/p>\n\n\n\n<p>El Frente de Resistencia Ind\u00edgena culp\u00f3 al edil Nicol\u00e1s Feria Ram\u00edrez y a su padre Enrique Feria Rodr\u00edguez, as\u00ed como al Movimiento de Unificaci\u00f3n y Lucha Triqui (MULT), del ataque a su militante, por lo que exigi\u00f3 justicia y castigo a los responsables.<\/p>\n\n\n\n<p>IDENTIFICAN A MUERTO EN POZO<\/p>\n\n\n\n<p>En tanto, como Isam E. R. G., originario de Perote, Veracruz, de 35 a\u00f1os de edad, fue identificado el individuo hallado en un pozo el pasado martes, en Tej\u00fapam de la Uni\u00f3n.<\/p>\n\n\n\n<p>El hombre fue reportado como desaparecido el pasado 3 de octubre y tras diversas indagatorias, fue hallado muerto; personal del Heroico Cuerpo de Bomberos de Oaxaca realiz\u00f3 las labores de rescate.<\/p>\n","protected":false},"excerpt":{"rendered":"<p>Ismael Garc\u00eda M.\/Zona Roja. Oaxaca de Ju\u00e1rez, Oax., 15 de octubre de 2020.- Una persona&hellip;<\/p>\n","protected":false},"author":2,"featured_media":7003,"comment_status":"closed","ping_status":"open","sticky":false,"template":"","format":"standard","meta":{"_lmt_disableupdate":"","_lmt_disable":"","_jetpack_memberships_contains_paid_content":false,"footnotes":""},"categories":[109,51],"tags":[826],"class_list":["post-18817","post","type-post","status-publish","format-standard","has-post-thumbnail","hentry","category-minuto-a-minuto","category-zona-roja","tag-santiago-juxtlahuaca"],"jetpack_featured_media_url":"https:\/\/zonaroja.com.mx\/wp-content\/uploads\/2019\/12\/Juxtlahuaca2.jpg","jetpack_sharing_enabled":true,"_links":{"self":[{"href":"https:\/\/zonaroja.com.mx\/index.php?rest_route=\/wp\/v2\/posts\/18817","targetHints":{"allow":["GET"]}}],"collection":[{"href":"https:\/\/zonaroja.com.mx\/index.php?rest_route=\/wp\/v2\/posts"}],"about":[{"href":"https:\/\/zonaroja.com.mx\/index.php?rest_route=\/wp\/v2\/types\/post"}],"author":[{"embeddable":true,"href":"https:\/\/zonaroja.com.mx\/index.php?rest_route=\/wp\/v2\/users\/2"}],"replies":[{"embeddable":true,"href":"https:\/\/zonaroja.com.mx\/index.php?rest_route=%2Fwp%2Fv2%2Fcomments&post=18817"}],"version-history":[{"count":1,"href":"https:\/\/zonaroja.com.mx\/index.php?rest_route=\/wp\/v2\/posts\/18817\/revisions"}],"predecessor-version":[{"id":18818,"href":"https:\/\/zonaroja.com.mx\/index.php?rest_route=\/wp\/v2\/posts\/18817\/revisions\/18818"}],"wp:featuredmedia":[{"embeddable":true,"href":"https:\/\/zonaroja.com.mx\/index.php?rest_route=\/wp\/v2\/media\/7003"}],"wp:attachment":[{"href":"https:\/\/zonaroja.com.mx\/index.php?rest_route=%2Fwp%2Fv2%2Fmedia&parent=18817"}],"wp:term":[{"taxonomy":"category","embeddable":true,"href":"https:\/\/zonaroja.com.mx\/index.php?rest_route=%2Fwp%2Fv2%2Fcategories&post=18817"},{"taxonomy":"post_tag","embeddable":true,"href":"https:\/\/zonaroja.com.mx\/index.php?rest_route=%2Fwp%2Fv2%2Ftags&post=18817"}],"curies":[{"name":"wp","href":"https:\/\/api.w.org\/{rel}","templated":true}]}}