{"id":18819,"date":"2020-10-15T08:07:12","date_gmt":"2020-10-15T13:07:12","guid":{"rendered":"http:\/\/www.zonaroja.com.mx\/?p=18819"},"modified":"2020-10-15T08:07:15","modified_gmt":"2020-10-15T13:07:15","slug":"demandan-en-el-congreso-atender-denuncias-sobre-acoso-sexual-en-unistmo","status":"publish","type":"post","link":"https:\/\/zonaroja.com.mx\/?p=18819","title":{"rendered":"Demandan en el Congreso atender denuncias sobre acoso sexual en UNISTMO"},"content":{"rendered":"\n<p>Redacci\u00f3n\/Zona Roja.<\/p>\n\n\n\n<p>Oaxaca de Ju\u00e1rez, Oax., 15 de octubre de 2020.- El Congreso del Estado de Oaxaca prev\u00e9 exhortar al rector del Sistema de Universidades Estatales de Oaxaca (SUNEO), Modesto Seara V\u00e1zquez, y a la Fiscal\u00eda General del Estado de Oaxaca (FGEO), a fin de atender con prontitud las denuncias sobre casos de violencia sexual presentadas por alumnas de la Universidad del Istmo (UNISTMO), garantizando en todo momento los derechos de las denunciantes y evitando que sean revictimizadas.<\/p>\n\n\n\n<p>El Punto de Acuerdo presentado ayer a la Diputaci\u00f3n Permanente, demanda evitar que las agraviadas carezcan del acompa\u00f1amiento necesario, toda vez que al parecer existen grabaciones en las cuales se observa que las universitarias que denunciaron este il\u00edcito, fueron retiradas de su sal\u00f3n de clases y, sin previo aviso, expusieron sus casos frente a una comisi\u00f3n investigadora del plantel, sin el apoyo de alg\u00fan defensor jur\u00eddico o del profesorado que les respalda.<\/p>\n\n\n\n<p>La legisladora promovente, Roc\u00edo Machuca Rojas, se\u00f1ala que los profesores Silvio F\u00e9lix A. E. y Jos\u00e9 G. V. Castillejos, sujetos a investigaci\u00f3n, por violencia sexual, no deber\u00edan estar al frente de ninguna materia durante el tiempo que duren los procedimientos penales y administrativos iniciados ante la FGEO y la Defensor\u00eda de los Derechos Humanos del Pueblo de Oaxaca.<\/p>\n\n\n\n<p>Asimismo, solicit\u00f3 al presidente del Tribunal Superior de Justicia del Estado, Eduardo Pinacho S\u00e1nchez, a que supervise que la resoluci\u00f3n de las sentencias sobre el caso ya descrito, se emitan en su momento con estricto apego a una perspectiva de g\u00e9nero y de conformidad con el marco jur\u00eddico constitucional, convencional y legal del estado.<\/p>\n\n\n\n<p>Al titular de la Fiscal\u00eda, Rub\u00e9n Vasconcelos M\u00e9ndez, le legisladora solicit\u00f3 iniciar de inmediato las investigaciones necesarias con la debida diligencia y perspectiva de g\u00e9nero acerca de la denuncia de violencia por parte de las estudiantes de la carrera de Derecho en dicha instituci\u00f3n.<\/p>\n","protected":false},"excerpt":{"rendered":"<p>Redacci\u00f3n\/Zona Roja. Oaxaca de Ju\u00e1rez, Oax., 15 de octubre de 2020.- El Congreso del Estado&hellip;<\/p>\n","protected":false},"author":2,"featured_media":9869,"comment_status":"closed","ping_status":"open","sticky":false,"template":"","format":"standard","meta":{"_lmt_disableupdate":"","_lmt_disable":"","_jetpack_memberships_contains_paid_content":false,"footnotes":""},"categories":[109,47],"tags":[1509],"class_list":["post-18819","post","type-post","status-publish","format-standard","has-post-thumbnail","hentry","category-minuto-a-minuto","category-zona-gris","tag-acoso-universidad-del-istmo-oaxaca"],"jetpack_featured_media_url":"https:\/\/zonaroja.com.mx\/wp-content\/uploads\/2020\/03\/Unistmo-Ixtepec.jpg","jetpack_sharing_enabled":true,"_links":{"self":[{"href":"https:\/\/zonaroja.com.mx\/index.php?rest_route=\/wp\/v2\/posts\/18819","targetHints":{"allow":["GET"]}}],"collection":[{"href":"https:\/\/zonaroja.com.mx\/index.php?rest_route=\/wp\/v2\/posts"}],"about":[{"href":"https:\/\/zonaroja.com.mx\/index.php?rest_route=\/wp\/v2\/types\/post"}],"author":[{"embeddable":true,"href":"https:\/\/zonaroja.com.mx\/index.php?rest_route=\/wp\/v2\/users\/2"}],"replies":[{"embeddable":true,"href":"https:\/\/zonaroja.com.mx\/index.php?rest_route=%2Fwp%2Fv2%2Fcomments&post=18819"}],"version-history":[{"count":1,"href":"https:\/\/zonaroja.com.mx\/index.php?rest_route=\/wp\/v2\/posts\/18819\/revisions"}],"predecessor-version":[{"id":18820,"href":"https:\/\/zonaroja.com.mx\/index.php?rest_route=\/wp\/v2\/posts\/18819\/revisions\/18820"}],"wp:featuredmedia":[{"embeddable":true,"href":"https:\/\/zonaroja.com.mx\/index.php?rest_route=\/wp\/v2\/media\/9869"}],"wp:attachment":[{"href":"https:\/\/zonaroja.com.mx\/index.php?rest_route=%2Fwp%2Fv2%2Fmedia&parent=18819"}],"wp:term":[{"taxonomy":"category","embeddable":true,"href":"https:\/\/zonaroja.com.mx\/index.php?rest_route=%2Fwp%2Fv2%2Fcategories&post=18819"},{"taxonomy":"post_tag","embeddable":true,"href":"https:\/\/zonaroja.com.mx\/index.php?rest_route=%2Fwp%2Fv2%2Ftags&post=18819"}],"curies":[{"name":"wp","href":"https:\/\/api.w.org\/{rel}","templated":true}]}}