{"id":18821,"date":"2020-10-15T08:14:55","date_gmt":"2020-10-15T13:14:55","guid":{"rendered":"http:\/\/www.zonaroja.com.mx\/?p=18821"},"modified":"2020-10-15T08:14:59","modified_gmt":"2020-10-15T13:14:59","slug":"presenta-union-hidalgo-denuncia-internacional-contra-gigante-energetico","status":"publish","type":"post","link":"https:\/\/zonaroja.com.mx\/?p=18821","title":{"rendered":"Presenta Uni\u00f3n Hidalgo denuncia internacional contra gigante energ\u00e9tico"},"content":{"rendered":"\n<p>Evlin Arag\u00f3n\/Zona Roja.<\/p>\n\n\n\n<p>Oaxaca de Ju\u00e1rez, Oax., 15 de octubre de 2020.- Habitantes de Uni\u00f3n Hidalgo presentaron este martes una denuncia civil en Par\u00eds, Francia, primera en su tipo, en contra de la empresa Electricit\u00e9 de France, a quien acusan de fallar en la identificaci\u00f3n de riesgos y la implementaci\u00f3n de medidas de protecci\u00f3n en el desarrollo de su proyecto e\u00f3lico \u201cGunna Sicar\u00fa\u201d.&nbsp;<\/p>\n\n\n\n<p>As\u00ed lo informaron a trav\u00e9s de un comunicado, en el que destacaron que se trata de la primera acci\u00f3n legal iniciada por una comunidad ind\u00edgena zapoteca de las Am\u00e9ricas, acompa\u00f1ada por organizaciones mexicanas y europeas en defensa de los derechos humanos.&nbsp;<\/p>\n\n\n\n<p>La denuncia solicita la suspensi\u00f3n del proyecto hasta que la empresa cumpla su obligaci\u00f3n de respetar los derechos humanos, establecida desde 2017 en la ley francesa, del deber de vigilar, y con ello evitar que se sigan cometiendo mayores violaciones en contra de la comunidad.&nbsp;<\/p>\n\n\n\n<p>\u201cEste es un llamado claro para que EDF termine sus abusos, cambie su mal comportamiento y deje de buscar imponer a toda costa su proyecto. El que un parque e\u00f3lico se desarroll\u00f3 violando los derechos humanos no es justo ni en M\u00e9xico ni en Francia ni en ninguna parte del mundo\u201d dijo Rosalva Mart\u00ednez, defensora de derechos humanos de Uni\u00f3n Hidalgo.&nbsp;<\/p>\n\n\n\n<p>Tambi\u00e9n reclama que la trasnacional haya pasado por alto la consulta libre e informada a la que tiene derecho la localidad, llevando a cabo actividades sin que existiera la aprobaci\u00f3n de la asamblea, contribuyendo a la ruptura del tejido sociedad del pueblo ind\u00edgena.<\/p>\n\n\n\n<p>Y es que la empresa firm\u00f3 contratos y acuerdos, desarroll\u00f3 procesos paralelos de informaci\u00f3n y comunicaci\u00f3n, sin tomar en cuenta a las y los habitantes ocasionando una escalada de violencia en contra de defensoras y defensores de derechos humanos de la comunidad, quienes han sido estigmatizados, amenazados y atacado por grupos cercanos a la empresa.<\/p>\n\n\n\n<p>Todo lo anterior ocasion\u00f3 que autoridades y activistas iniciaran una batalla legal que dio como resultado un fallo hist\u00f3rico en octubre del 2018, fecha en la que un Juzgado Federal orden\u00f3 a las autoridades mexicanas el desarrollo de una consulta que cumpliera los m\u00e1s altos est\u00e1ndares internacionales.<\/p>\n\n\n\n<p>Sin embargo, la actuaci\u00f3n de la empresa y la de sus socios comerciales locales no cambi\u00f3, ello pese a que previamente, desde el 2017, buscaron un di\u00e1logo con la empresa sin \u00e9xito por lo que decidieron recurrir a la Corte de Par\u00eds.<\/p>\n\n\n\n<p>La denuncia realizada por la comunidad zapoteca, est\u00e1 respaldada de forma directa por las organizaciones: Proyecto de Derechos Econ\u00f3micos, Sociales y Culturales, ProDESC, y el European Center for Constitutional and Human Rights, ECCHR; as\u00ed como otras m\u00e1s que se han unido en defensa de los derechos humanos de quienes habitan en la localidad oaxaque\u00f1a.&nbsp;<\/p>\n\n\n\n<p>\u201cLas autoridades mexicanas han fallado en garantizar el derecho al consentimiento de la comunidad. Pero DF tambi\u00e9n es responsable y tiene incluso una mayor responsabilidad en contextos de violaciones sistem\u00e1ticas como M\u00e9xico. Hasta ahora, nadie le hab\u00eda exigido rendici\u00f3n de cuentas por sus actuaciones; la demanda presentada constituye una gran oportunidad para ello\u201d, se\u00f1alaron representantes de las organizaciones que respaldan la denuncia.&nbsp;<\/p>\n","protected":false},"excerpt":{"rendered":"<p>Evlin Arag\u00f3n\/Zona Roja. Oaxaca de Ju\u00e1rez, Oax., 15 de octubre de 2020.- Habitantes de Uni\u00f3n&hellip;<\/p>\n","protected":false},"author":2,"featured_media":9809,"comment_status":"closed","ping_status":"open","sticky":false,"template":"","format":"standard","meta":{"_lmt_disableupdate":"","_lmt_disable":"","_jetpack_memberships_contains_paid_content":false,"footnotes":""},"categories":[109,47],"tags":[2100],"class_list":["post-18821","post","type-post","status-publish","format-standard","has-post-thumbnail","hentry","category-minuto-a-minuto","category-zona-gris","tag-eolica-gunna-sicaru-union-hidalgo"],"jetpack_featured_media_url":"https:\/\/zonaroja.com.mx\/wp-content\/uploads\/2020\/03\/E\u00f3lica-Uni\u00f3n-Hidalgo.jpg","jetpack_sharing_enabled":true,"_links":{"self":[{"href":"https:\/\/zonaroja.com.mx\/index.php?rest_route=\/wp\/v2\/posts\/18821","targetHints":{"allow":["GET"]}}],"collection":[{"href":"https:\/\/zonaroja.com.mx\/index.php?rest_route=\/wp\/v2\/posts"}],"about":[{"href":"https:\/\/zonaroja.com.mx\/index.php?rest_route=\/wp\/v2\/types\/post"}],"author":[{"embeddable":true,"href":"https:\/\/zonaroja.com.mx\/index.php?rest_route=\/wp\/v2\/users\/2"}],"replies":[{"embeddable":true,"href":"https:\/\/zonaroja.com.mx\/index.php?rest_route=%2Fwp%2Fv2%2Fcomments&post=18821"}],"version-history":[{"count":1,"href":"https:\/\/zonaroja.com.mx\/index.php?rest_route=\/wp\/v2\/posts\/18821\/revisions"}],"predecessor-version":[{"id":18822,"href":"https:\/\/zonaroja.com.mx\/index.php?rest_route=\/wp\/v2\/posts\/18821\/revisions\/18822"}],"wp:featuredmedia":[{"embeddable":true,"href":"https:\/\/zonaroja.com.mx\/index.php?rest_route=\/wp\/v2\/media\/9809"}],"wp:attachment":[{"href":"https:\/\/zonaroja.com.mx\/index.php?rest_route=%2Fwp%2Fv2%2Fmedia&parent=18821"}],"wp:term":[{"taxonomy":"category","embeddable":true,"href":"https:\/\/zonaroja.com.mx\/index.php?rest_route=%2Fwp%2Fv2%2Fcategories&post=18821"},{"taxonomy":"post_tag","embeddable":true,"href":"https:\/\/zonaroja.com.mx\/index.php?rest_route=%2Fwp%2Fv2%2Ftags&post=18821"}],"curies":[{"name":"wp","href":"https:\/\/api.w.org\/{rel}","templated":true}]}}