{"id":18823,"date":"2020-10-15T10:09:49","date_gmt":"2020-10-15T15:09:49","guid":{"rendered":"http:\/\/www.zonaroja.com.mx\/?p=18823"},"modified":"2020-10-15T10:09:54","modified_gmt":"2020-10-15T15:09:54","slug":"insisten-en-que-se-garantice-la-autonomia-en-la-universidad-de-oaxaca","status":"publish","type":"post","link":"https:\/\/zonaroja.com.mx\/?p=18823","title":{"rendered":"Insisten en que se garantice la autonom\u00eda en la Universidad de Oaxaca"},"content":{"rendered":"\n<p>Evlin Arag\u00f3n\/Zona Roja.<\/p>\n\n\n\n<p>Oaxaca de Ju\u00e1rez, Oax., 15 de octubre de 2020.- Integrantes de la Asociaci\u00f3n Mexicana de \u00d3rganos de Control y Vigilancia en Instituciones de Educaci\u00f3n Superior, A.C. (AMOCVIES, A.C.) expresaron su respaldo en la defensa de la legalidad y la autonom\u00eda de la Universidad Aut\u00f3noma \u201cBenito Ju\u00e1rez\u201d de Oaxaca.&nbsp;<\/p>\n\n\n\n<p>As\u00ed lo dieron a conocer a trav\u00e9s de un comunicado firmado por el Consejo Directivo y el Consejo Estrat\u00e9gico de dicha instancia, encabezado por H\u00e9ctor Granados Rodr\u00edguez, quienes recordaron que es la comunidad universitaria la encargada de elegir a su m\u00e1xima autoridad, lo anterior de acuerdo con misma normatividad interna, en este caso la Ley Org\u00e1nica de la UABJO.<\/p>\n\n\n\n<p>Refirieron que la autonom\u00eda universitaria est\u00e1 consagrada en el art\u00edculo tercero de la Constituci\u00f3n Pol\u00edtica de los Estados Unidos Mexicanos, por lo que manifestaron su respaldo a la universidad oaxaque\u00f1a que reciente se ha visto en la pol\u00e9mica al darse a conocer la presunta intenci\u00f3n del gobernador Alejandro Murat de intervenir con el respaldo de representantes sindicales.&nbsp;<\/p>\n\n\n\n<p>\u201cReciba la comunidad universitaria de la Universidad Aut\u00f3noma \u2018Benito Ju\u00e1rez\u2019 de Oaxaca nuestro apoyo y compa\u00f1erismo en la defensa de la legalidad y la autonom\u00eda universitaria, deseando que, respetando ambas, se desarrolle el proceso interno de su elecci\u00f3n rectoral\u201d, refiere el documento.\u00a0<\/p>\n\n\n\n<figure class=\"wp-block-image size-large\"><img decoding=\"async\" width=\"827\" height=\"1024\" src=\"http:\/\/www.zonaroja.com.mx\/wp-content\/uploads\/2020\/10\/AMOCVIES-827x1024.jpg\" alt=\"\" class=\"wp-image-18824\" srcset=\"https:\/\/zonaroja.com.mx\/wp-content\/uploads\/2020\/10\/AMOCVIES-827x1024.jpg 827w, https:\/\/zonaroja.com.mx\/wp-content\/uploads\/2020\/10\/AMOCVIES-242x300.jpg 242w, https:\/\/zonaroja.com.mx\/wp-content\/uploads\/2020\/10\/AMOCVIES-768x951.jpg 768w, https:\/\/zonaroja.com.mx\/wp-content\/uploads\/2020\/10\/AMOCVIES-585x724.jpg 585w, https:\/\/zonaroja.com.mx\/wp-content\/uploads\/2020\/10\/AMOCVIES.jpg 1034w\" sizes=\"(max-width: 827px) 100vw, 827px\" \/><\/figure>\n\n\n\n<p>En este mismo sentido se pronunci\u00f3 la Uni\u00f3n de Artesanos y Comerciantes Oaxaque\u00f1os en Lucha (UACOL), cuyos militantes aseguraron que la UABJO representa la mayor expresi\u00f3n de desarrollo democr\u00e1tico en el estado debido a la batalla que ha dado al interior la comunidad universitaria, pese a la constante intenci\u00f3n de intervenci\u00f3n por parte de las autoridades de gobierno.&nbsp;<\/p>\n\n\n\n<p>Lamentaron que ni la Cuarta Transformaci\u00f3n haya podido dejar atr\u00e1s los acuerdo pol\u00edticos que tanto han da\u00f1ado al pa\u00eds y por el contrario mantenga alianza con representantes del viejo r\u00e9gimen como son el gobernador de Oaxaca Alejandro Murat y ex gobernador Jos\u00e9 Murat, quienes buscan a como d\u00e9 lugar intervenir en la vida universitaria.&nbsp;<\/p>\n\n\n\n<p>\u201cLos Murat quieren borrar de tajo el proceso de consolidaci\u00f3n democr\u00e1tica que le costaron a la universidad sangre, encarcelamientos y represi\u00f3n durante m\u00e1s de tres d\u00e9cadas. Incluso algunos de los que lucharon en estas condiciones hoy se han vendido al mejor postor\u201d, manifiestan en un comunicado.&nbsp;<\/p>\n\n\n\n<p>Ah\u00ed mismo indicaron que, como organizaci\u00f3n revolucionaria y progresista, no pueden permitir que se vulnera la \u00fanica esencia que garantiza la democracia en la universidad, raz\u00f3n por la que se pronunciaron en defensa de la autonom\u00eda universitaria y en contra de cualquier injerencia externa.&nbsp;<\/p>\n\n\n\n<p>Finalmente alertaron a la comunidad universitaria de la situaci\u00f3n y la invitaron a organizarse para la defensa del \u00faltimo basti\u00f3n de la democracia en la entidad oaxaque\u00f1a, antes que sea absorbida por los intereses mezquinos representado por el gobierno del estado.&nbsp;&nbsp;<\/p>\n","protected":false},"excerpt":{"rendered":"<p>Evlin Arag\u00f3n\/Zona Roja. Oaxaca de Ju\u00e1rez, Oax., 15 de octubre de 2020.- Integrantes de la&hellip;<\/p>\n","protected":false},"author":2,"featured_media":18825,"comment_status":"closed","ping_status":"open","sticky":false,"template":"","format":"standard","meta":{"_lmt_disableupdate":"","_lmt_disable":"","_jetpack_memberships_contains_paid_content":false,"footnotes":""},"categories":[109,47],"tags":[282],"class_list":["post-18823","post","type-post","status-publish","format-standard","has-post-thumbnail","hentry","category-minuto-a-minuto","category-zona-gris","tag-universidad-autonoma-benito-juarez-de-oaxaca"],"jetpack_featured_media_url":"https:\/\/zonaroja.com.mx\/wp-content\/uploads\/2020\/10\/Rectoria-UABJO-3.jpg","jetpack_sharing_enabled":true,"_links":{"self":[{"href":"https:\/\/zonaroja.com.mx\/index.php?rest_route=\/wp\/v2\/posts\/18823","targetHints":{"allow":["GET"]}}],"collection":[{"href":"https:\/\/zonaroja.com.mx\/index.php?rest_route=\/wp\/v2\/posts"}],"about":[{"href":"https:\/\/zonaroja.com.mx\/index.php?rest_route=\/wp\/v2\/types\/post"}],"author":[{"embeddable":true,"href":"https:\/\/zonaroja.com.mx\/index.php?rest_route=\/wp\/v2\/users\/2"}],"replies":[{"embeddable":true,"href":"https:\/\/zonaroja.com.mx\/index.php?rest_route=%2Fwp%2Fv2%2Fcomments&post=18823"}],"version-history":[{"count":1,"href":"https:\/\/zonaroja.com.mx\/index.php?rest_route=\/wp\/v2\/posts\/18823\/revisions"}],"predecessor-version":[{"id":18826,"href":"https:\/\/zonaroja.com.mx\/index.php?rest_route=\/wp\/v2\/posts\/18823\/revisions\/18826"}],"wp:featuredmedia":[{"embeddable":true,"href":"https:\/\/zonaroja.com.mx\/index.php?rest_route=\/wp\/v2\/media\/18825"}],"wp:attachment":[{"href":"https:\/\/zonaroja.com.mx\/index.php?rest_route=%2Fwp%2Fv2%2Fmedia&parent=18823"}],"wp:term":[{"taxonomy":"category","embeddable":true,"href":"https:\/\/zonaroja.com.mx\/index.php?rest_route=%2Fwp%2Fv2%2Fcategories&post=18823"},{"taxonomy":"post_tag","embeddable":true,"href":"https:\/\/zonaroja.com.mx\/index.php?rest_route=%2Fwp%2Fv2%2Ftags&post=18823"}],"curies":[{"name":"wp","href":"https:\/\/api.w.org\/{rel}","templated":true}]}}