{"id":18827,"date":"2020-10-15T10:22:17","date_gmt":"2020-10-15T15:22:17","guid":{"rendered":"http:\/\/www.zonaroja.com.mx\/?p=18827"},"modified":"2020-10-15T10:22:20","modified_gmt":"2020-10-15T15:22:20","slug":"baja-nivel-de-aprobacion-de-garcia-jarquin-como-presidente-municipal-mitofsky","status":"publish","type":"post","link":"https:\/\/zonaroja.com.mx\/?p=18827","title":{"rendered":"Baja nivel de aprobaci\u00f3n de Garc\u00eda Jarqu\u00edn como presidente municipal: Mitofsky"},"content":{"rendered":"\n<p>Yuridiana Sosa\/Zona Roja.<\/p>\n\n\n\n<p>Oaxaca de Ju\u00e1rez, Oax., 15 de octubre de 2020.- El desempe\u00f1o de Oswaldo Garc\u00eda Jarqu\u00edn como presidente municipal de la capital de Oaxaca es reprobado por la mayor\u00eda de sus gobernados, quienes por sus calificaciones, colocaron al edil en la posici\u00f3n 78 en el reciente estudio de Ranking Mitofsky \u00ab100 Alcaldes de M\u00e9xico\u00bb.<\/p>\n\n\n\n<p>En la consulta publicada este mes, correspondiente a septiembre, el edil del Partido Morena recibi\u00f3 la desaprobaci\u00f3n del 64.7 por ciento de los ciudadanos encuestados, el 33.1 lo aval\u00f3 y el 2.2 por ciento no sabe, con esos resultados su nivel de aprobaci\u00f3n baj\u00f3 con respecto a los ofrecidos en agosto.<\/p>\n\n\n\n<p>En comparaci\u00f3n con la encuesta anterior, Garc\u00eda Jarqu\u00edn descendi\u00f3 en la lista de posiciones al caer 18 lugares, pas\u00f3 del 60 al 78, alejado s\u00f3lo por seis sitios de la categor\u00eda de los ediles con \u00abbaja\u00bb aprobaci\u00f3n, calificados con entre el 29 y 20 por ciento de aprobaci\u00f3n.&nbsp;<\/p>\n\n\n\n<p>En el an\u00e1lisis anterior, el 59.1 por ciento de los capitalinos consultados no avalaron el gobierno del edil emanado del partido Morena, mientras que el 37.5 por ciento s\u00ed.<\/p>\n\n\n\n<p>A nivel nacional, los presidentes municipales del partido Morena con mayores \u00edndices de aprobaci\u00f3n son los de Ciudad Madero, Tamaulipas con el 71.1 por ciento a su favor; Ensenada, Baja California con 57.3 por ciento y Tijuana, Baja California, 54.3 por ciento, es decir, los resultados que ofrece el oaxaque\u00f1o est\u00e1n lejos de alcanzar a sus hom\u00f3logos al norte del pa\u00eds.<\/p>\n","protected":false},"excerpt":{"rendered":"<p>Yuridiana Sosa\/Zona Roja. Oaxaca de Ju\u00e1rez, Oax., 15 de octubre de 2020.- El desempe\u00f1o de&hellip;<\/p>\n","protected":false},"author":2,"featured_media":13575,"comment_status":"closed","ping_status":"open","sticky":false,"template":"","format":"standard","meta":{"_lmt_disableupdate":"","_lmt_disable":"","_jetpack_memberships_contains_paid_content":false,"footnotes":""},"categories":[109,47],"tags":[115],"class_list":["post-18827","post","type-post","status-publish","format-standard","has-post-thumbnail","hentry","category-minuto-a-minuto","category-zona-gris","tag-oswaldo-garcia-jarquin"],"jetpack_featured_media_url":"https:\/\/zonaroja.com.mx\/wp-content\/uploads\/2020\/06\/Oswaldo-Garc\u00eda-Jarqu\u00edn.jpg","jetpack_sharing_enabled":true,"_links":{"self":[{"href":"https:\/\/zonaroja.com.mx\/index.php?rest_route=\/wp\/v2\/posts\/18827","targetHints":{"allow":["GET"]}}],"collection":[{"href":"https:\/\/zonaroja.com.mx\/index.php?rest_route=\/wp\/v2\/posts"}],"about":[{"href":"https:\/\/zonaroja.com.mx\/index.php?rest_route=\/wp\/v2\/types\/post"}],"author":[{"embeddable":true,"href":"https:\/\/zonaroja.com.mx\/index.php?rest_route=\/wp\/v2\/users\/2"}],"replies":[{"embeddable":true,"href":"https:\/\/zonaroja.com.mx\/index.php?rest_route=%2Fwp%2Fv2%2Fcomments&post=18827"}],"version-history":[{"count":1,"href":"https:\/\/zonaroja.com.mx\/index.php?rest_route=\/wp\/v2\/posts\/18827\/revisions"}],"predecessor-version":[{"id":18828,"href":"https:\/\/zonaroja.com.mx\/index.php?rest_route=\/wp\/v2\/posts\/18827\/revisions\/18828"}],"wp:featuredmedia":[{"embeddable":true,"href":"https:\/\/zonaroja.com.mx\/index.php?rest_route=\/wp\/v2\/media\/13575"}],"wp:attachment":[{"href":"https:\/\/zonaroja.com.mx\/index.php?rest_route=%2Fwp%2Fv2%2Fmedia&parent=18827"}],"wp:term":[{"taxonomy":"category","embeddable":true,"href":"https:\/\/zonaroja.com.mx\/index.php?rest_route=%2Fwp%2Fv2%2Fcategories&post=18827"},{"taxonomy":"post_tag","embeddable":true,"href":"https:\/\/zonaroja.com.mx\/index.php?rest_route=%2Fwp%2Fv2%2Ftags&post=18827"}],"curies":[{"name":"wp","href":"https:\/\/api.w.org\/{rel}","templated":true}]}}