{"id":18829,"date":"2020-10-15T10:39:20","date_gmt":"2020-10-15T15:39:20","guid":{"rendered":"http:\/\/www.zonaroja.com.mx\/?p=18829"},"modified":"2020-10-15T10:39:23","modified_gmt":"2020-10-15T15:39:23","slug":"edgar-jesus-de-la-nada-a-pintor-que-exporta-su-obra-desde-el-penal-de-ixcotel","status":"publish","type":"post","link":"https:\/\/zonaroja.com.mx\/?p=18829","title":{"rendered":"\u00c9dgar Jes\u00fas, de la nada, a pintor que exporta su obra, desde el penal de Ixcotel"},"content":{"rendered":"\n<p>Evlin Arag\u00f3n\/Zona Roja.<\/p>\n\n\n\n<p>Oaxaca de Ju\u00e1rez, Oax., 15 de octubre de 2020.- \u201cYo plasmo vivencias de cuando era ni\u00f1o, recuerdos de cuando sal\u00eda a jugar con mis hermanos all\u00e1 en Zimatl\u00e1n de \u00c1lvarez, recuerdos de cuando no importaba nada m\u00e1s que salir a jugar; plasmo los colores e incluso la inocencia de la ni\u00f1ez\u201d.<\/p>\n\n\n\n<p>As\u00ed describe Edgar Jes\u00fas su obra, que a tan s\u00f3lo tres a\u00f1os de haber iniciado su formaci\u00f3n art\u00edstica, ha desarrollado una t\u00e9cnica y estilo parecidos a los de Fernando Andriacci por su colores y formas, pero sin buscar una imitaci\u00f3n, ya que asegura s\u00f3lo realiza piezas originales.\u00a0<\/p>\n\n\n\n<p>Recluido en la Penitenciar\u00eda Central de Santa Mar\u00eda Ixcotel, Oaxaca, el artista autodidacta ha encontrado en el arte una manera de expresarse a trav\u00e9s del \u00f3leo, el acr\u00edlico y xilograf\u00eda que realiza con amplia calidad por lo que ya exporta y vende su obra a nivel nacional e internacional.&nbsp;<\/p>\n\n\n\n<p>\u201cSiempre me ha gustado lo colorido, no s\u00e9, ya lo traigo innato y son cosas que vienen a la mente, que me imagino y las plasmo en un cuadro\u201d, refiere al cuestionarles sobre sus trazos llenos de colores vibrantes.&nbsp;&nbsp;&nbsp;<\/p>\n\n\n\n<p>Sus inicios fueron un tanto fortuitos, ya que su novia en ese momento, le mencion\u00f3 que le gustaba la pintura; \u00e9l, para impresionarla, le dijo que ya pintaba, por lo que ella sin dudarlo le compr\u00f3 el material que de alguna forma le oblig\u00f3 a involucrarse en el \u00e1mbito art\u00edstico del que ya no ha querido salir.&nbsp;<\/p>\n\n\n\n<p>Lo primero que pint\u00f3 fue un jarr\u00f3n de girasoles para su pareja, quien se sorprendi\u00f3 de lo bien que lo hab\u00eda realizado y de ah\u00ed no dej\u00f3 de hacerlo con el apoyo de su ahora esposa, con quien comparte el logro de ya haber vendido por las menos 50 obras, algunas incluso en Estados Unidos valuadas entre 15 y 20 mil pesos.\u00a0<\/p>\n\n\n\n<figure class=\"wp-block-embed-twitter wp-block-embed is-type-rich is-provider-twitter\"><div class=\"wp-block-embed__wrapper\">\n<div class=\"twitter-tweet\"><blockquote class=\"twitter-tweet\" data-lang=\"es\"><p lang=\"es\" dir=\"ltr\"><a href=\"https:\/\/twitter.com\/hashtag\/HechoEnOaxaca?src=hash&amp;ref_src=twsrc%5Etfw\">#HechoEnOaxaca<\/a><br>\u00bfQu\u00e9 tal? No sab\u00eda ni un \u00e1pice de pinturas y pinceles; por un reto de su entonces novia, empez\u00f3 a pintar; a tres a\u00f1os, \u00c9dgar Jes\u00fas, recluido en el penal de Santa Mar\u00eda Ixcotel, es un destacado artista pl\u00e1stico, resultado del taller \u201cGr\u00e1fica Siqueiros\u201d<a href=\"https:\/\/twitter.com\/SprsGobOax?ref_src=twsrc%5Etfw\">@SprsGobOax<\/a> <a href=\"https:\/\/t.co\/AsmPWfARZC\">pic.twitter.com\/AsmPWfARZC<\/a><\/p>&mdash; Zona Roja Oaxaca (@MexRoja) <a href=\"https:\/\/twitter.com\/MexRoja\/status\/1315995500282359809?ref_src=twsrc%5Etfw\">13 de octubre de 2020<\/a><\/blockquote><\/div>\n<\/div><\/figure>\n\n\n\n<p>EXITOSO TALLER<\/p>\n\n\n\n<p>Edgar Jes\u00fas forma parte del taller \u201cGr\u00e1fica Siqueiros\u201d, impulsado por la Secretar\u00eda de Seguridad P\u00fablica de Oaxaca, que se ha convertido en un semillero de talento, comprobando que, sin importar las condiciones adversas, las y los oaxaque\u00f1os tienen una amplia tradici\u00f3n en la pl\u00e1stica y el talento para desarrollarla.&nbsp;<\/p>\n\n\n\n<p>Tan es as\u00ed que ya planea iniciar sus propios talleres al interior del penal con la intenci\u00f3n de seguir fomentando el arte, disciplina que asegura les ayuda a liberarse de las duras vivencias al interior de un reclusorio y olvidar que se encuentran privados de la libertad.<\/p>\n\n\n\n<p>Su obra no es ajena a la cr\u00edtica social ya que asegura actualmente la ni\u00f1ez ha dejado de disfrutar de los juegos de anta\u00f1o, se han dejado absorber por la tecnolog\u00eda e incluso pierden m\u00e1s r\u00e1pido la inocencia, situaci\u00f3n en la que piensa deber\u00edan poner atenci\u00f3n las personas adultas.<\/p>\n\n\n\n<p>Adem\u00e1s, de considerar el altruismo como algo necesario en tiempos tan complicados por la pandemia, claro ejemplo es que en breve donar\u00e1 obra para el Hospital de Especialidades a fin de contribuir con un granito de arena en la labor que realiza el personal m\u00e9dico al interior.&nbsp;<\/p>\n\n\n\n<p>Sue\u00f1a con salir de la c\u00e1rcel &#8211;ya con ocho a\u00f1os de reclusi\u00f3n y una condena de tres d\u00e9cadas&#8211;, pero mientras tanto echa a volar su imaginaci\u00f3n, y sus pinceles, para obsequiar su obra al mundo. Un aut\u00e9ntico artista pl\u00e1stico en ciernes, tras las rejas.<\/p>\n","protected":false},"excerpt":{"rendered":"<p>Evlin Arag\u00f3n\/Zona Roja. Oaxaca de Ju\u00e1rez, Oax., 15 de octubre de 2020.- \u201cYo plasmo vivencias&hellip;<\/p>\n","protected":false},"author":2,"featured_media":18831,"comment_status":"closed","ping_status":"open","sticky":false,"template":"","format":"standard","meta":{"_lmt_disableupdate":"","_lmt_disable":"","_jetpack_memberships_contains_paid_content":false,"footnotes":""},"categories":[109,46],"tags":[2101],"class_list":["post-18829","post","type-post","status-publish","format-standard","has-post-thumbnail","hentry","category-minuto-a-minuto","category-zona-blanca","tag-edgar-jesus-pintor-penal-de-ixcotel"],"jetpack_featured_media_url":"https:\/\/zonaroja.com.mx\/wp-content\/uploads\/2020\/10\/Pintor-Edgar-Jesus.png","jetpack_sharing_enabled":true,"_links":{"self":[{"href":"https:\/\/zonaroja.com.mx\/index.php?rest_route=\/wp\/v2\/posts\/18829","targetHints":{"allow":["GET"]}}],"collection":[{"href":"https:\/\/zonaroja.com.mx\/index.php?rest_route=\/wp\/v2\/posts"}],"about":[{"href":"https:\/\/zonaroja.com.mx\/index.php?rest_route=\/wp\/v2\/types\/post"}],"author":[{"embeddable":true,"href":"https:\/\/zonaroja.com.mx\/index.php?rest_route=\/wp\/v2\/users\/2"}],"replies":[{"embeddable":true,"href":"https:\/\/zonaroja.com.mx\/index.php?rest_route=%2Fwp%2Fv2%2Fcomments&post=18829"}],"version-history":[{"count":1,"href":"https:\/\/zonaroja.com.mx\/index.php?rest_route=\/wp\/v2\/posts\/18829\/revisions"}],"predecessor-version":[{"id":18832,"href":"https:\/\/zonaroja.com.mx\/index.php?rest_route=\/wp\/v2\/posts\/18829\/revisions\/18832"}],"wp:featuredmedia":[{"embeddable":true,"href":"https:\/\/zonaroja.com.mx\/index.php?rest_route=\/wp\/v2\/media\/18831"}],"wp:attachment":[{"href":"https:\/\/zonaroja.com.mx\/index.php?rest_route=%2Fwp%2Fv2%2Fmedia&parent=18829"}],"wp:term":[{"taxonomy":"category","embeddable":true,"href":"https:\/\/zonaroja.com.mx\/index.php?rest_route=%2Fwp%2Fv2%2Fcategories&post=18829"},{"taxonomy":"post_tag","embeddable":true,"href":"https:\/\/zonaroja.com.mx\/index.php?rest_route=%2Fwp%2Fv2%2Ftags&post=18829"}],"curies":[{"name":"wp","href":"https:\/\/api.w.org\/{rel}","templated":true}]}}