{"id":1884,"date":"2019-06-27T21:43:55","date_gmt":"2019-06-28T02:43:55","guid":{"rendered":"http:\/\/www.zonaroja.com.mx\/?p=1884"},"modified":"2019-06-27T21:43:58","modified_gmt":"2019-06-28T02:43:58","slug":"despues-de-varios-meses-hallan-a-oaxaquena-en-tlaxcala","status":"publish","type":"post","link":"https:\/\/zonaroja.com.mx\/?p=1884","title":{"rendered":"Despu\u00e9s de varios meses, hallan a oaxaque\u00f1a en Tlaxcala"},"content":{"rendered":"\n<p>Redacci\u00f3n<\/p>\n\n\n\n<p>Oaxaca de\nJu\u00e1rez, Oax., 27 de junio de 2019.- Despu\u00e9s de varios meses de extraviada, una\npersona del sexo femenino de origen oaxaque\u00f1o fue hallada en un asilo en el\nmunicipio de Apizaco, del estado de Tlaxcala.<\/p>\n\n\n\n<p>La mujer\npresenta aparente discapacidad y poco pod\u00eda explicar acerca de su origen y\nnombre de familiares.<\/p>\n\n\n\n<p>Tras\nindagatorias, la Comisi\u00f3n Estatal de Derechos Humanos de esa entidad, en\ncoordinaci\u00f3n con la Defensor\u00eda de los Derechos Humanos del Pueblo de Oaxaca y\nla Fiscal\u00eda General del Estado, lograron dar con el paradero de sus parientes.\n\nEste\njueves, sus familiares acudieron al albergue \u201cSagrada Familia\u201d, donde\nreconocieron a la mujer, tras lo cual realizan los tr\u00e1mites para traerla de\nvuelta a Oaxaca. No se dieron detalles del municipio de origen de la femenina.\n\n\n\n<\/p>\n","protected":false},"excerpt":{"rendered":"<p>Redacci\u00f3n Oaxaca de Ju\u00e1rez, Oax., 27 de junio de 2019.- Despu\u00e9s de varios meses de&hellip;<\/p>\n","protected":false},"author":2,"featured_media":1885,"comment_status":"closed","ping_status":"open","sticky":false,"template":"","format":"standard","meta":{"_lmt_disableupdate":"","_lmt_disable":"","_jetpack_memberships_contains_paid_content":false,"footnotes":""},"categories":[109,47],"tags":[58,250],"class_list":["post-1884","post","type-post","status-publish","format-standard","has-post-thumbnail","hentry","category-minuto-a-minuto","category-zona-gris","tag-oaxaca","tag-tlaxcala"],"jetpack_featured_media_url":"https:\/\/zonaroja.com.mx\/wp-content\/uploads\/2019\/06\/Oaxaque\u00f1a-en-Tlaxacala.jpg","jetpack_sharing_enabled":true,"_links":{"self":[{"href":"https:\/\/zonaroja.com.mx\/index.php?rest_route=\/wp\/v2\/posts\/1884","targetHints":{"allow":["GET"]}}],"collection":[{"href":"https:\/\/zonaroja.com.mx\/index.php?rest_route=\/wp\/v2\/posts"}],"about":[{"href":"https:\/\/zonaroja.com.mx\/index.php?rest_route=\/wp\/v2\/types\/post"}],"author":[{"embeddable":true,"href":"https:\/\/zonaroja.com.mx\/index.php?rest_route=\/wp\/v2\/users\/2"}],"replies":[{"embeddable":true,"href":"https:\/\/zonaroja.com.mx\/index.php?rest_route=%2Fwp%2Fv2%2Fcomments&post=1884"}],"version-history":[{"count":1,"href":"https:\/\/zonaroja.com.mx\/index.php?rest_route=\/wp\/v2\/posts\/1884\/revisions"}],"predecessor-version":[{"id":1886,"href":"https:\/\/zonaroja.com.mx\/index.php?rest_route=\/wp\/v2\/posts\/1884\/revisions\/1886"}],"wp:featuredmedia":[{"embeddable":true,"href":"https:\/\/zonaroja.com.mx\/index.php?rest_route=\/wp\/v2\/media\/1885"}],"wp:attachment":[{"href":"https:\/\/zonaroja.com.mx\/index.php?rest_route=%2Fwp%2Fv2%2Fmedia&parent=1884"}],"wp:term":[{"taxonomy":"category","embeddable":true,"href":"https:\/\/zonaroja.com.mx\/index.php?rest_route=%2Fwp%2Fv2%2Fcategories&post=1884"},{"taxonomy":"post_tag","embeddable":true,"href":"https:\/\/zonaroja.com.mx\/index.php?rest_route=%2Fwp%2Fv2%2Ftags&post=1884"}],"curies":[{"name":"wp","href":"https:\/\/api.w.org\/{rel}","templated":true}]}}