{"id":18841,"date":"2020-10-15T17:36:44","date_gmt":"2020-10-15T22:36:44","guid":{"rendered":"http:\/\/www.zonaroja.com.mx\/?p=18841"},"modified":"2020-10-15T17:36:51","modified_gmt":"2020-10-15T22:36:51","slug":"omision-de-gobierno-y-procuraduria-agraria-puede-causar-tragedia-en-santiago-minas","status":"publish","type":"post","link":"https:\/\/zonaroja.com.mx\/?p=18841","title":{"rendered":"Omisi\u00f3n de gobierno y Procuradur\u00eda Agraria puede causar tragedia en Santiago Minas"},"content":{"rendered":"\n<p>Yuridiana Sosa\/Zona Roja.<\/p>\n\n\n\n<p>Oaxaca de Ju\u00e1rez, Oax., 15 de octubre de 2020.- Autoridades municipales y agrarias del municipio de Santiago Minas, en la Sierra Sur, exigieron al gobernador Alejandro Murat y a la delegada de gobierno federal, Nancy Ortiz, intervenci\u00f3n inmediata al conflicto agrario latente, por la invasi\u00f3n de m\u00e1s de dos mil hect\u00e1reas por parte de pobladores de San Jos\u00e9 Ixtapa.<\/p>\n\n\n\n<p>Los representantes de la comunidad se\u00f1alaron, en conferencia de prensa este jueves, que la Procuradur\u00eda Agraria de Oaxaca ha evitado atender este problema a pesar de la insistencia que mantienen para su intervenci\u00f3n a fin de evitar enfrentamientos.<\/p>\n\n\n\n<p>\u201cLlevamos semanas y semanas llamando v\u00eda telef\u00f3nica al responsable de la Procuradur\u00eda Agraria en el estado de Oaxaca de nombre Gonzalo Villalobos, sin que se digne a recibirnos la llamada; desde que tom\u00f3 posesi\u00f3n de ese encargo a inicios del 2019 contin\u00faan los enfrentamientos y la violencia por los conflictos agrarios en el estado\u201d, expresaron las autoridades.<\/p>\n\n\n\n<p>Se\u00f1alaron que han intentado establecer acuerdos por cuenta propia con sus vecinos de la agencia de San Jos\u00e9 Ixtapa sobre dos mil 592 hect\u00e1reas de terrenos comunales de Santiago Minas, que han pretendido invadir sus vecinos desde hace varias d\u00e9cadas.<\/p>\n\n\n\n<p>Sin embargo, los pobladores de Ixtapa se han resistido a acordar, por lo que exigen la inmediata intervenci\u00f3n de las autoridades estatales para mediar el problema.<\/p>\n\n\n\n<p>Durante la conferencia de prensa participaron el presidente municipal, Felipe Ram\u00edrez Carbajal, el presidente de Bienes Comunales, Amado D\u00edaz Ram\u00edrez; S\u00edndico Municipal, Flaviano Rodr\u00edguez Cer\u00f3n, y el presidente del Consejo de Vigilancia, Rogelio D\u00edaz Ram\u00edrez.<\/p>\n\n\n\n<figure class=\"wp-block-embed-twitter wp-block-embed is-type-rich is-provider-twitter\"><div class=\"wp-block-embed__wrapper\">\n<div class=\"twitter-tweet\"><blockquote class=\"twitter-tweet\" data-lang=\"es\"><p lang=\"es\" dir=\"ltr\"><a href=\"https:\/\/twitter.com\/hashtag\/ENVIVO?src=hash&amp;ref_src=twsrc%5Etfw\">#ENVIVO<\/a> <br>Oaxaca de Ju\u00e1rez, Oax., 15 de octubre de 2020.- Conferencia de prensa de Santiago Minas, Sola de Vega, que denuncia invasi\u00f3n de tierras por parte de San Jos\u00e9 Ixtapa, sin que la autoridad federal o estatal intervenga. <br><br>Aqu\u00ed la transmisi\u00f3n: <a href=\"https:\/\/t.co\/zA08dXb7mz\">https:\/\/t.co\/zA08dXb7mz<\/a> <a href=\"https:\/\/t.co\/0EjWgbWBBc\">pic.twitter.com\/0EjWgbWBBc<\/a><\/p>&mdash; Zona Roja Oaxaca (@MexRoja) <a href=\"https:\/\/twitter.com\/MexRoja\/status\/1316784744110206977?ref_src=twsrc%5Etfw\">15 de octubre de 2020<\/a><\/blockquote><\/div>\n<\/div><\/figure>\n\n\n\n<p>ANTECEDENTE<\/p>\n\n\n\n<p>En 2015, pobladores de San Jos\u00e9 Ixtapa denunciaron ante la Defensor\u00eda de los Derechos Humanos del Pueblo de Oaxaca (DDHPO) que autoridades municipales y algunos ciudadanos de San Juan Quiahije y Santiago Minas, desde el 1 de abril, colocaron cadenas en el camino ubicado en el paraje conocido como \u201cLa Cieneguilla\u201d, perteneciente a la comunidad de San Juan Quiahije, impidiendo de esa manera la salida de los pobladores de San Jos\u00e9 Ixtapa.<\/p>\n\n\n\n<p>El reporte de la Defensor\u00eda indic\u00f3, seg\u00fan la versi\u00f3n de los denunciantes, que el d\u00eda 6 de abril, habitantes de Santiago Minas incendiaron el terreno de un habitante de San Jos\u00e9 Ixtapa, y al acudir los vecinos al lugar para combatir el fuego, fueron emboscados, si bien desconocen a la fecha si hubo lesionados en esa ocasi\u00f3n.<\/p>\n\n\n\n<p>Desde esa fecha, la DDHPO&nbsp; abri\u00f3 el cuaderno de antecedentes DDHPO\/ 517\/(11)OAX\/2015, por el que solicit\u00f3 una medida cautelar a la entonces Procuradur\u00eda General de Justicia del Estado (PGJE) para que resguarde y brinde seguridad en la zona, a fin de evitar posibles violaciones a derechos humanos de los ixtapenses, as\u00ed como da\u00f1os de dif\u00edcil o imposible reparaci\u00f3n.<\/p>\n","protected":false},"excerpt":{"rendered":"<p>Yuridiana Sosa\/Zona Roja. Oaxaca de Ju\u00e1rez, Oax., 15 de octubre de 2020.- Autoridades municipales y&hellip;<\/p>\n","protected":false},"author":2,"featured_media":18842,"comment_status":"closed","ping_status":"open","sticky":false,"template":"","format":"standard","meta":{"_lmt_disableupdate":"","_lmt_disable":"","_jetpack_memberships_contains_paid_content":false,"footnotes":""},"categories":[109,47],"tags":[2104,2103],"class_list":["post-18841","post","type-post","status-publish","format-standard","has-post-thumbnail","hentry","category-minuto-a-minuto","category-zona-gris","tag-san-jose-ixtapan","tag-santiago-minas"],"jetpack_featured_media_url":"https:\/\/zonaroja.com.mx\/wp-content\/uploads\/2020\/10\/Conferencia-Santiago-Minas.jpg","jetpack_sharing_enabled":true,"_links":{"self":[{"href":"https:\/\/zonaroja.com.mx\/index.php?rest_route=\/wp\/v2\/posts\/18841","targetHints":{"allow":["GET"]}}],"collection":[{"href":"https:\/\/zonaroja.com.mx\/index.php?rest_route=\/wp\/v2\/posts"}],"about":[{"href":"https:\/\/zonaroja.com.mx\/index.php?rest_route=\/wp\/v2\/types\/post"}],"author":[{"embeddable":true,"href":"https:\/\/zonaroja.com.mx\/index.php?rest_route=\/wp\/v2\/users\/2"}],"replies":[{"embeddable":true,"href":"https:\/\/zonaroja.com.mx\/index.php?rest_route=%2Fwp%2Fv2%2Fcomments&post=18841"}],"version-history":[{"count":1,"href":"https:\/\/zonaroja.com.mx\/index.php?rest_route=\/wp\/v2\/posts\/18841\/revisions"}],"predecessor-version":[{"id":18843,"href":"https:\/\/zonaroja.com.mx\/index.php?rest_route=\/wp\/v2\/posts\/18841\/revisions\/18843"}],"wp:featuredmedia":[{"embeddable":true,"href":"https:\/\/zonaroja.com.mx\/index.php?rest_route=\/wp\/v2\/media\/18842"}],"wp:attachment":[{"href":"https:\/\/zonaroja.com.mx\/index.php?rest_route=%2Fwp%2Fv2%2Fmedia&parent=18841"}],"wp:term":[{"taxonomy":"category","embeddable":true,"href":"https:\/\/zonaroja.com.mx\/index.php?rest_route=%2Fwp%2Fv2%2Fcategories&post=18841"},{"taxonomy":"post_tag","embeddable":true,"href":"https:\/\/zonaroja.com.mx\/index.php?rest_route=%2Fwp%2Fv2%2Ftags&post=18841"}],"curies":[{"name":"wp","href":"https:\/\/api.w.org\/{rel}","templated":true}]}}