{"id":18844,"date":"2020-10-15T18:46:39","date_gmt":"2020-10-15T23:46:39","guid":{"rendered":"http:\/\/www.zonaroja.com.mx\/?p=18844"},"modified":"2020-10-15T21:48:26","modified_gmt":"2020-10-16T02:48:26","slug":"fallece-baleado-en-zona-triqui-bloquean-con-ataud-para-exigir-justicia","status":"publish","type":"post","link":"https:\/\/zonaroja.com.mx\/?p=18844","title":{"rendered":"Fallece baleado en zona triqui; bloquean con ata\u00fad para exigir justicia"},"content":{"rendered":"\n<p>Redacci\u00f3n\/Zona Roja.<\/p>\n\n\n\n<p>Oaxaca de Ju\u00e1rez, Oax., 15 de octubre de 2020.- El ind\u00edgena de la etnia triqui Epifanio de Jes\u00fas Mart\u00ednez, falleci\u00f3 este jueves, tras ser baleado en la regi\u00f3n Mixteca de Oaxaca.<\/p>\n\n\n\n<p>El Frente de Resistencia Ind\u00edgena de Santiago Juxtlahuaca, inform\u00f3 que el hoy occiso hab\u00eda sido atacado a balazos el pasado martes por la tarde, por lo cual fue ingresado a un hospital.<\/p>\n\n\n\n<p>\u201cAnte tal atroz acto, responsabilizamos de forma directa a la organizaci\u00f3n MULT y a sus l\u00edderes el C. Nicol\u00e1s Feria Romero, quien adem\u00e1s es presidente municipal, y su se\u00f1or padre Enrique Feria Rodr\u00edguez, porque no sabemos que pueda pasar en la regi\u00f3n despu\u00e9s de tan cobarde acto\u201d, se\u00f1alaron en un comunicado.<\/p>\n\n\n\n<p>El individuo fue agredido a balazos en la carretera que comunica al paraje \u201cLoma de Cuervo\u201d, en inmediaciones de la localidad Diamante Copala, en Juxtlahuaca.<\/p>\n\n\n\n<p>La ma\u00f1ana de hoy finalmente perdi\u00f3 la vida en la cl\u00ednica del Instituto Mexicano del Seguro Social de Juxtlahuaca; no pudo sobrevivir debido a que varias de las cinco balas que recibi\u00f3, fueron en \u00f3rganos vitales.<\/p>\n\n\n\n<p>Por ello, sus familiares y militantes del Frente de Resistencia Ind\u00edgena de Juxtlahuaca bloquearon con el f\u00e9retro la carretera Huajuapan- Juxtlahuaca, a la altura del campo deportivo, con la finalidad de exigir justicia.<\/p>\n\n\n\n<p>Demandaron a la Fiscal\u00eda General del estado de Oaxaca investigue a la brevedad este crimen y castigue a los responsables; insistieron en responsabilidad del hecho al edil Nicol\u00e1s Feria.<\/p>\n\n\n\n<figure class=\"wp-block-image size-large\"><img decoding=\"async\" width=\"539\" height=\"626\" src=\"http:\/\/www.zonaroja.com.mx\/wp-content\/uploads\/2020\/10\/Frente-de-Resistencia-Indigena-Juxtlahuaca.jpg\" alt=\"\" class=\"wp-image-18846\" srcset=\"https:\/\/zonaroja.com.mx\/wp-content\/uploads\/2020\/10\/Frente-de-Resistencia-Indigena-Juxtlahuaca.jpg 539w, https:\/\/zonaroja.com.mx\/wp-content\/uploads\/2020\/10\/Frente-de-Resistencia-Indigena-Juxtlahuaca-258x300.jpg 258w\" sizes=\"(max-width: 539px) 100vw, 539px\" \/><\/figure>\n","protected":false},"excerpt":{"rendered":"<p>Redacci\u00f3n\/Zona Roja. Oaxaca de Ju\u00e1rez, Oax., 15 de octubre de 2020.- El ind\u00edgena de la&hellip;<\/p>\n","protected":false},"author":2,"featured_media":18845,"comment_status":"closed","ping_status":"open","sticky":false,"template":"","format":"standard","meta":{"_lmt_disableupdate":"","_lmt_disable":"","_jetpack_memberships_contains_paid_content":false,"footnotes":""},"categories":[109,51],"tags":[2105,826],"class_list":["post-18844","post","type-post","status-publish","format-standard","has-post-thumbnail","hentry","category-minuto-a-minuto","category-zona-roja","tag-frente-de-resistencia-indigena-juxtlahuaca","tag-santiago-juxtlahuaca"],"jetpack_featured_media_url":"https:\/\/zonaroja.com.mx\/wp-content\/uploads\/2020\/10\/Ataun-Epifanio-triqui.jpg","jetpack_sharing_enabled":true,"_links":{"self":[{"href":"https:\/\/zonaroja.com.mx\/index.php?rest_route=\/wp\/v2\/posts\/18844","targetHints":{"allow":["GET"]}}],"collection":[{"href":"https:\/\/zonaroja.com.mx\/index.php?rest_route=\/wp\/v2\/posts"}],"about":[{"href":"https:\/\/zonaroja.com.mx\/index.php?rest_route=\/wp\/v2\/types\/post"}],"author":[{"embeddable":true,"href":"https:\/\/zonaroja.com.mx\/index.php?rest_route=\/wp\/v2\/users\/2"}],"replies":[{"embeddable":true,"href":"https:\/\/zonaroja.com.mx\/index.php?rest_route=%2Fwp%2Fv2%2Fcomments&post=18844"}],"version-history":[{"count":2,"href":"https:\/\/zonaroja.com.mx\/index.php?rest_route=\/wp\/v2\/posts\/18844\/revisions"}],"predecessor-version":[{"id":18859,"href":"https:\/\/zonaroja.com.mx\/index.php?rest_route=\/wp\/v2\/posts\/18844\/revisions\/18859"}],"wp:featuredmedia":[{"embeddable":true,"href":"https:\/\/zonaroja.com.mx\/index.php?rest_route=\/wp\/v2\/media\/18845"}],"wp:attachment":[{"href":"https:\/\/zonaroja.com.mx\/index.php?rest_route=%2Fwp%2Fv2%2Fmedia&parent=18844"}],"wp:term":[{"taxonomy":"category","embeddable":true,"href":"https:\/\/zonaroja.com.mx\/index.php?rest_route=%2Fwp%2Fv2%2Fcategories&post=18844"},{"taxonomy":"post_tag","embeddable":true,"href":"https:\/\/zonaroja.com.mx\/index.php?rest_route=%2Fwp%2Fv2%2Ftags&post=18844"}],"curies":[{"name":"wp","href":"https:\/\/api.w.org\/{rel}","templated":true}]}}