{"id":18851,"date":"2020-10-15T19:31:40","date_gmt":"2020-10-16T00:31:40","guid":{"rendered":"http:\/\/www.zonaroja.com.mx\/?p=18851"},"modified":"2020-10-15T19:31:43","modified_gmt":"2020-10-16T00:31:43","slug":"demandan-diputado-que-el-gobernador-no-realice-actos-masivos-por-su-iv-informe","status":"publish","type":"post","link":"https:\/\/zonaroja.com.mx\/?p=18851","title":{"rendered":"Demandan diputado que el gobernador no realice actos masivos por su IV Informe"},"content":{"rendered":"\n<p>Yuridiana Sosa\/Zona Roja.<\/p>\n\n\n\n<p>Oaxaca de Ju\u00e1rez, Oax., 15 de octubre de 2020.- Frente al repunte de contagios de Covid-19 en la entidad, el diputado C\u00e9sar Morales Ni\u00f1o present\u00f3 un Punto de Acuerdo ante la 64 Legislatura de Oaxaca, para que se exhorte al mandatario Alejandro Murat a limitarse a realizar el acto de entrega del IV Informe de Gobierno sin celebraciones multitudinarias.<\/p>\n\n\n\n<p>A un mes de que el titular del Poder Ejecutivo entregue  rinda cuentas al Congreso, el pr\u00f3ximo 15 de noviembre, el legislador por el Partido del Trabajo propuso que este a\u00f1o la ceremonia se efect\u00fae s\u00f3lo con el acto protocolario en la C\u00e1mara de Diputados, sin multitud de invitados, que en muchos casos son gobernadores, funcionarios federales y un grupo numeroso de servidor p\u00fablicos del estado, pues no existen las condiciones en salud.<\/p>\n\n\n\n<p>\u201cSin acarreo de funcionarios ni de trabajadores a la sede del Poder Legislativo, y sin realizar los acostumbrados eventos sociales\u201d, expuso, pues a\u00f1os atr\u00e1s el gobernador acostumbra realizar actos fara\u00f3nicos, con derroche de recursos, comilonas y festejos.<\/p>\n\n\n\n<p>En ese mismo sentido, Morales Ni\u00f1o consider\u00f3 innecesario y riesgoso que realice fiestas que com\u00fanmente se llevan a cabo en el marco de esta actividad.<\/p>\n\n\n\n<p>En el mismo documento y con relaci\u00f3n a la contingencia sanitaria, propuso que cada jueves el mandatario y el titular de los Servicios de Salud de Oaxaca, Donato Casas Escamilla, efect\u00faen un informe del avance de la pandemia en Oaxaca con relaci\u00f3n a su estado en el sem\u00e1foro epidemiol\u00f3gico.<\/p>\n\n\n\n<figure class=\"wp-block-embed-twitter wp-block-embed is-type-rich is-provider-twitter\"><div class=\"wp-block-embed__wrapper\">\n<div class=\"twitter-tweet\"><blockquote class=\"twitter-tweet\" data-lang=\"es\"><p lang=\"es\" dir=\"ltr\"><a href=\"https:\/\/twitter.com\/hashtag\/%C3%9AltimoMinuto?src=hash&amp;ref_src=twsrc%5Etfw\">#\u00daltimoMinuto<\/a> <br>A nombre de la bancada del Partido del Trabajo, el diputado <a href=\"https:\/\/twitter.com\/cesarmoralesn?ref_src=twsrc%5Etfw\">@cesarmoralesn<\/a> se pronunci\u00f3 hoy en el <a href=\"https:\/\/twitter.com\/CongresoOaxLXIV?ref_src=twsrc%5Etfw\">@CongresoOaxLXIV<\/a> por el respeto a las decisiones internas de la <a href=\"https:\/\/twitter.com\/UABJO?ref_src=twsrc%5Etfw\">@UABJO<\/a> y pidi\u00f3 a los universitarios defender la autonom\u00eda de la m\u00e1xima casa de estudios. <a href=\"https:\/\/t.co\/yBEWwVKTWo\">pic.twitter.com\/yBEWwVKTWo<\/a><\/p>&mdash; Zona Roja Oaxaca (@MexRoja) <a href=\"https:\/\/twitter.com\/MexRoja\/status\/1316478169105395712?ref_src=twsrc%5Etfw\">14 de octubre de 2020<\/a><\/blockquote><\/div>\n<\/div><\/figure>\n\n\n\n<p>Otro punto de acuerdo est\u00e1 relacionado con el regreso de los trabajadores de los distintos poderes del estado a sus actividades hasta enero, ante el incremento en el nivel de riesgos.<\/p>\n\n\n\n<p>Morales Ni\u00f1o llam\u00f3 a que las distintas dependencias garanticen la salud de sus empleados, pues cuentan con reportes que se ha convocado al retorno de actividades de cientos de ellos sin que la autoridad cumpla con las medidas y condiciones de sanidad suficiente para laborar en un ambiente apto y seguro.<\/p>\n\n\n\n<p>El legislador aclar\u00f3 que est\u00e1 a favor de la reactivaci\u00f3n econ\u00f3mica, del empleo y del sector productivo siempre y cuando no se pase por encima de la salud de los ciudadanos oaxaque\u00f1os.<\/p>\n\n\n\n<p>\u201cEs necesario insistir que se adopten medidas urgentes; estamos en una segunda ola de contagios\u201d, manifest\u00f3.<\/p>\n","protected":false},"excerpt":{"rendered":"<p>Yuridiana Sosa\/Zona Roja. Oaxaca de Ju\u00e1rez, Oax., 15 de octubre de 2020.- Frente al repunte&hellip;<\/p>\n","protected":false},"author":2,"featured_media":18852,"comment_status":"closed","ping_status":"open","sticky":false,"template":"","format":"standard","meta":{"_lmt_disableupdate":"","_lmt_disable":"","_jetpack_memberships_contains_paid_content":false,"footnotes":""},"categories":[109,46],"tags":[2107],"class_list":["post-18851","post","type-post","status-publish","format-standard","has-post-thumbnail","hentry","category-minuto-a-minuto","category-zona-blanca","tag-cesar-morales-ni"],"jetpack_featured_media_url":"https:\/\/zonaroja.com.mx\/wp-content\/uploads\/2020\/10\/Cesar-Morales-sesion.jpg","jetpack_sharing_enabled":true,"_links":{"self":[{"href":"https:\/\/zonaroja.com.mx\/index.php?rest_route=\/wp\/v2\/posts\/18851","targetHints":{"allow":["GET"]}}],"collection":[{"href":"https:\/\/zonaroja.com.mx\/index.php?rest_route=\/wp\/v2\/posts"}],"about":[{"href":"https:\/\/zonaroja.com.mx\/index.php?rest_route=\/wp\/v2\/types\/post"}],"author":[{"embeddable":true,"href":"https:\/\/zonaroja.com.mx\/index.php?rest_route=\/wp\/v2\/users\/2"}],"replies":[{"embeddable":true,"href":"https:\/\/zonaroja.com.mx\/index.php?rest_route=%2Fwp%2Fv2%2Fcomments&post=18851"}],"version-history":[{"count":1,"href":"https:\/\/zonaroja.com.mx\/index.php?rest_route=\/wp\/v2\/posts\/18851\/revisions"}],"predecessor-version":[{"id":18853,"href":"https:\/\/zonaroja.com.mx\/index.php?rest_route=\/wp\/v2\/posts\/18851\/revisions\/18853"}],"wp:featuredmedia":[{"embeddable":true,"href":"https:\/\/zonaroja.com.mx\/index.php?rest_route=\/wp\/v2\/media\/18852"}],"wp:attachment":[{"href":"https:\/\/zonaroja.com.mx\/index.php?rest_route=%2Fwp%2Fv2%2Fmedia&parent=18851"}],"wp:term":[{"taxonomy":"category","embeddable":true,"href":"https:\/\/zonaroja.com.mx\/index.php?rest_route=%2Fwp%2Fv2%2Fcategories&post=18851"},{"taxonomy":"post_tag","embeddable":true,"href":"https:\/\/zonaroja.com.mx\/index.php?rest_route=%2Fwp%2Fv2%2Ftags&post=18851"}],"curies":[{"name":"wp","href":"https:\/\/api.w.org\/{rel}","templated":true}]}}