{"id":18854,"date":"2020-10-15T21:41:42","date_gmt":"2020-10-16T02:41:42","guid":{"rendered":"http:\/\/www.zonaroja.com.mx\/?p=18854"},"modified":"2020-10-15T21:41:46","modified_gmt":"2020-10-16T02:41:46","slug":"destina-grupo-modelo-6-mdp-en-ventiladores-mecanicos-e-insumos-para-hospital-de-tuxtepec","status":"publish","type":"post","link":"https:\/\/zonaroja.com.mx\/?p=18854","title":{"rendered":"Destina Grupo Modelo 6 mdp en ventiladores mec\u00e1nicos e insumos para Hospital de Tuxtepec"},"content":{"rendered":"\n<p>Yuridiana Sosa\/Zona Roja.<\/p>\n\n\n\n<p>San Juan Bautista Tuxtepec, Oax., 15 de octubre de 2020.- Las carencias en el Hospital General de Tuxtepec de equipos m\u00e9dicos, de protecci\u00f3n e insumos para hacer frente a la pandemia de Covid-19, en la regi\u00f3n de la Cuenca, son reducidas a intervenci\u00f3n de la iniciativa privada.<\/p>\n\n\n\n<p>La empresa Grupo Modelo entreg\u00f3 al Hospital de Tuxtepec equipo hospitalario y de protecci\u00f3n personal para los trabajadores de la salud, con un valor en inversi\u00f3n de m\u00e1s de seis millones 300 mil pesos.<\/p>\n\n\n\n<p>El nosocomio recibi\u00f3 por parte de la empresa cervecera de M\u00e9xico, y con presencia en Tuxtepec, cinco ventiladores mec\u00e1nicos de cuidados intensivos, tanto para adultos como para los pedi\u00e1tricos y 10 monitores multiparam\u00e9tricos (de lectura de signos vitales).<\/p>\n\n\n\n<p>Adem\u00e1s, cinco mil cubrebocas tipo KN-95, 20 bombas de infusi\u00f3n, 20 portavenoclisis para bomba de infusi\u00f3n.<\/p>\n\n\n\n<figure class=\"wp-block-embed-twitter wp-block-embed is-type-rich is-provider-twitter\"><div class=\"wp-block-embed__wrapper\">\n<div class=\"twitter-tweet\"><blockquote class=\"twitter-tweet\" data-lang=\"es\"><p lang=\"es\" dir=\"ltr\">Hombro con hombro con los oaxaque\u00f1os, entregamos 10 monitores de multiparam\u00e9trico, 5 mil protectores respiratorios KN95 y 20 bombas de infusi\u00f3n al Hospital General de Tuxtepec. Lo hacemos por ti, por nuestros vecinos, <a href=\"https:\/\/twitter.com\/hashtag\/PorNuestroM%C3%A9xico?src=hash&amp;ref_src=twsrc%5Etfw\">#PorNuestroM\u00e9xico<\/a>. <a href=\"https:\/\/twitter.com\/SSO_GobOax?ref_src=twsrc%5Etfw\">@SSO_GobOax<\/a> <a href=\"https:\/\/t.co\/HIhpnSzRkA\">pic.twitter.com\/HIhpnSzRkA<\/a><\/p>&mdash; Grupo Modelo MX (@GrupoModelo_MX) <a href=\"https:\/\/twitter.com\/GrupoModelo_MX\/status\/1316547127967805440?ref_src=twsrc%5Etfw\">15 de octubre de 2020<\/a><\/blockquote><\/div>\n<\/div><\/figure>\n\n\n\n<p>A nombre del titular de los Servicios de Salud, Donato Casas Escamilla, el jefe de la Jurisdicci\u00f3n Sanitaria 03, Mois\u00e9s Montalvo Aspr\u00f3n, agradeci\u00f3 a la empresa su compromiso por la salud en la poblaci\u00f3n, pues no es la primera vez que dona materiales importantes para la labor del personal m\u00e9dico en este hospital.<\/p>\n\n\n\n<p>La empresa inform\u00f3 que el apoyo forma parte del movimiento \u201cPor Nuestro M\u00e9xico\u201d, a trav\u00e9s del cual han realizado aportaciones en coordinaci\u00f3n con los tres niveles de gobierno.<\/p>\n\n\n\n<p>Los trabajadores de este hospital han realizado diversas manifestaciones en medio de la contingencia para denunciar la falta de apoyos de los gobierno estatal y federal para la dotaci\u00f3n de insumos y equipo de protecci\u00f3n.<\/p>\n","protected":false},"excerpt":{"rendered":"<p>Yuridiana Sosa\/Zona Roja. San Juan Bautista Tuxtepec, Oax., 15 de octubre de 2020.- Las carencias&hellip;<\/p>\n","protected":false},"author":2,"featured_media":18855,"comment_status":"closed","ping_status":"open","sticky":false,"template":"","format":"standard","meta":{"_lmt_disableupdate":"","_lmt_disable":"","_jetpack_memberships_contains_paid_content":false,"footnotes":""},"categories":[109,46],"tags":[1005],"class_list":["post-18854","post","type-post","status-publish","format-standard","has-post-thumbnail","hentry","category-minuto-a-minuto","category-zona-blanca","tag-servicios-de-salud-de-oaxaca-sso"],"jetpack_featured_media_url":"https:\/\/zonaroja.com.mx\/wp-content\/uploads\/2020\/10\/Salud-Grupo-Modelo.jpg","jetpack_sharing_enabled":true,"_links":{"self":[{"href":"https:\/\/zonaroja.com.mx\/index.php?rest_route=\/wp\/v2\/posts\/18854","targetHints":{"allow":["GET"]}}],"collection":[{"href":"https:\/\/zonaroja.com.mx\/index.php?rest_route=\/wp\/v2\/posts"}],"about":[{"href":"https:\/\/zonaroja.com.mx\/index.php?rest_route=\/wp\/v2\/types\/post"}],"author":[{"embeddable":true,"href":"https:\/\/zonaroja.com.mx\/index.php?rest_route=\/wp\/v2\/users\/2"}],"replies":[{"embeddable":true,"href":"https:\/\/zonaroja.com.mx\/index.php?rest_route=%2Fwp%2Fv2%2Fcomments&post=18854"}],"version-history":[{"count":1,"href":"https:\/\/zonaroja.com.mx\/index.php?rest_route=\/wp\/v2\/posts\/18854\/revisions"}],"predecessor-version":[{"id":18856,"href":"https:\/\/zonaroja.com.mx\/index.php?rest_route=\/wp\/v2\/posts\/18854\/revisions\/18856"}],"wp:featuredmedia":[{"embeddable":true,"href":"https:\/\/zonaroja.com.mx\/index.php?rest_route=\/wp\/v2\/media\/18855"}],"wp:attachment":[{"href":"https:\/\/zonaroja.com.mx\/index.php?rest_route=%2Fwp%2Fv2%2Fmedia&parent=18854"}],"wp:term":[{"taxonomy":"category","embeddable":true,"href":"https:\/\/zonaroja.com.mx\/index.php?rest_route=%2Fwp%2Fv2%2Fcategories&post=18854"},{"taxonomy":"post_tag","embeddable":true,"href":"https:\/\/zonaroja.com.mx\/index.php?rest_route=%2Fwp%2Fv2%2Ftags&post=18854"}],"curies":[{"name":"wp","href":"https:\/\/api.w.org\/{rel}","templated":true}]}}