{"id":18863,"date":"2020-10-16T07:49:59","date_gmt":"2020-10-16T12:49:59","guid":{"rendered":"http:\/\/www.zonaroja.com.mx\/?p=18863"},"modified":"2020-10-16T07:50:02","modified_gmt":"2020-10-16T12:50:02","slug":"ya-van-tres-altos-funcionarios-de-pena-nieto-detenidos","status":"publish","type":"post","link":"https:\/\/zonaroja.com.mx\/?p=18863","title":{"rendered":"Ya van tres altos funcionarios de Pe\u00f1a Nieto detenidos"},"content":{"rendered":"\n<p>Redacci\u00f3n\/Zona Roja Cdmx.<\/p>\n\n\n\n<p>Ciudad de M\u00e9xico, 16 de octubre de 2020.- Sin ninguna notificaci\u00f3n a M\u00e9xico, envuelto en una investigaci\u00f3n que parte de la causa en contra de Genaro Garc\u00eda Luna, pero que podr\u00eda haberse iniciado hace 10 a\u00f1os, el ex titular de la Secretar\u00eda de la Defensa Nacional (Sedena) Salvador Cienfuegos Zepeda fue detenido ayer en el aeropuerto de Los \u00c1ngeles.<\/p>\n\n\n\n<p>Hoy, a eso de las 13:00 horas, escuchar\u00e1 las acusaciones por nexos con el narcotr\u00e1fico y lavado de dinero que levant\u00f3 en su contra la agencia antidrogas estadunidense (DEA por sus siglas en ingl\u00e9s), para luego ser trasladado a Nueva York, donde est\u00e1n radicadas las causas penales.<\/p>\n\n\n\n<p>Las informaciones provenientes de Estados Unidos aseguran que hay testimonios y pruebas de su relaci\u00f3n con el titular de la Secretar\u00eda de Seguridad P\u00fablica durante el mandato de Felipe Calder\u00f3n Hinojosa, Genaro Garc\u00eda Luna, pero ha trascendido que son adem\u00e1s otros cargos los que pesan sobre el ex jefe de la Sedena. La investigaci\u00f3n en contra del general fue llamada por la DEA Operaci\u00f3n Padrino.<\/p>\n\n\n\n<p>Con ello, tres altos funcionarios del gobierno de Enrique Pe\u00f1a Nieto (2012-2018) han sido detenidos: Rosario Robles, Emilio Lozoya y, se dio a conocer este jueves, Salvador Cienfuegos.<\/p>\n\n\n\n<p>ROSARIO ROBLES<\/p>\n\n\n\n<p>Fue titular de las secretar\u00edas de Desarrollo Social (Sedesol) y de Desarrollo Agrario, Territorial y Urbano (Sedatu) durante la administraci\u00f3n de Pe\u00f1a Nieto.<\/p>\n\n\n\n<p>Se le acusa de \u00abomisi\u00f3n\u00bb por no informar a su superior jer\u00e1rquico (Pe\u00f1a Nieto) de una serie de irregularidades que derivaron en un quebranto por cino mil 73 millones de pesos en la Sedesol y en la Sedatu.<\/p>\n\n\n\n<p>Los delitos que se le imputan est\u00e1n previstos en la fracci\u00f3n III, del art\u00edculo 214 del C\u00f3digo Penal Federal, y sancionados en el \u00faltimo p\u00e1rrafo de dicho ordenamiento, los cuales no prev\u00e9n la prisi\u00f3n preventiva oficiosa.<\/p>\n\n\n\n<p>Sin embargo, el 12 de agosto de 2019, el juez Felipe de Jes\u00fas Delgadillo Padierna, sobrino de la senadora Dolores Padierna, la vincul\u00f3 a proceso y le dict\u00f3 prisi\u00f3n preventiva justificada por riesgo de fuga.<\/p>\n\n\n\n<p>El 25 de septiembre pasado, Robles obtuvo una suspensi\u00f3n definitiva contra prisi\u00f3n preventiva. Sin embargo, un juez debe deliberar sobre si sigue su proceso en libertad.<\/p>\n\n\n\n<p>EMILIO LOZOYA<\/p>\n\n\n\n<p>Director de Petr\u00f3leos Mexicanos durante el gobierno de Pe\u00f1a Nieto, quien actualmente se encuentra en prisi\u00f3n domiciliaria, enfrenta dos procesos penales, uno por los delitos de lavado de dinero, cohecho y asociaci\u00f3n delictuosa, por el caso Odebrecht; y el otro, por lavado de dinero, por el caso Agronitrogenados.<\/p>\n\n\n\n<p>La madrugada del pasado 17 de julio, Lozoya lleg\u00f3 a la Ciudad de M\u00e9xico proveniente de Espa\u00f1a, como parte de su proceso de extradici\u00f3n por los delitos de lavado de dinero, cohecho y fraude.<\/p>\n\n\n\n<p>En 2019, se libr\u00f3 una orden de aprehensi\u00f3n en contra de Lozoya Austin.<\/p>\n\n\n\n<p>Tras ser buscado en al menos seis pa\u00edses, incluidos Alemania y Rusia, finalmente fue detenido el 12 de febrero pasado, en una exclusiva zona residencial de M\u00e1laga, Espa\u00f1a.<\/p>\n\n\n\n<p>El exfuncionario federal acept\u00f3 la extradici\u00f3n el 30 de junio pasado, de acuerdo con lo informado por la Fiscal\u00eda General de la Rep\u00fablica.<\/p>\n\n\n\n<p>SALVADOR CIENFUEGOS<\/p>\n\n\n\n<p>El extitular de la Secretar\u00eda de la Defensa Nacional (Sedena) fue detenido este jueves en el Aeropuerto de Los \u00c1ngeles, California, inform\u00f3 el canciller Marcelo Ebrard a trav\u00e9s de su cuenta de Twitter.<\/p>\n\n\n\n<p>Cienfuegos fue acusado por la DEA por los delitos de narcotr\u00e1fico y lavado de dinero.<\/p>\n\n\n\n<p>De acuerdo con periodistas estadounidenses, Cienfuegos fue detenido por las autoridades americanas cuando arrib\u00f3 a ese pa\u00eds la tarde de este jueves en un viaje con su familia.<\/p>\n\n\n\n<p>Salvador Cienfuegos, secretario de Defensa Nacional durante el sexenio de Enrique Pe\u00f1a Nieto, fue detenido este jueves en Estados Unidos a petici\u00f3n de la DEA por los delitos de narcotr\u00e1fico y lavado de dinero.<\/p>\n\n\n\n<p>El exfuncionario federal, quien estuvo al mando del ej\u00e9rcito cuando ocurrieron la masacre de Tlatlaya y la desaparici\u00f3n de los 43 normalistas de Ayotzinapa, tiene 72 a\u00f1os y realiz\u00f3 estudios de licenciatura en Administraci\u00f3n Militar en la Escuela Superior de Guerra.<\/p>\n\n\n\n<p>Asimismo, realiz\u00f3 una Maestr\u00eda en Administraci\u00f3n Militar para la Seguridad y Defensa Nacional en el Colegio de Defensa Nacional.<\/p>\n\n\n\n<p>Tambi\u00e9n cuenta con estudios para oficial del Ej\u00e9rcito en el Heroico Colegio Militar.<\/p>\n\n\n\n<p>Cienfuegos ha fungido como oficial Mayor de la Secretar\u00eda de la Defensa Nacional; inspector y Contralor General del Ej\u00e9rcito y Fuerza A\u00e9rea; comandante de la VII Regi\u00f3n Militar, en el estado de Chiapas; comandante de la I Regi\u00f3n Militar, en la Ciudad de M\u00e9xico; comandante de la IX Regi\u00f3n Militar, en el estado de Guerrero; comandante de la V Regi\u00f3n Militar, en el estado de Jalisco; comandante de la 15\/a. Zona Militar, en el estado de Jalisco y comandante del 14\/o. Batall\u00f3n de Infanter\u00eda, en el estado de Jalisco.<\/p>\n\n\n\n<p>Adem\u00e1s se ha desempe\u00f1ado como subjefe de Doctrina Militar del Estado Mayor de la Defensa Nacional, subdirector General del Registro Federal de Armas de Fuego y Control de Explosivos y jefe de la Secci\u00f3n Tercera (Operaciones) del Estado Mayor de la Defensa Nacional.<\/p>\n\n\n\n<p>En el \u00e1mbito de la docencia, fue director del Heroico Colegio Militar, director del Centro de Estudios del Ej\u00e9rcito y Fuerza A\u00e9rea Mexicanos, comandante del Cuerpo de Cadetes del Heroico Colegio Militar y jefe de la Secci\u00f3n Pedag\u00f3gica en el Heroico Colegio Militar.<\/p>\n\n\n\n<p>(Con informaci\u00f3n de \u00abLa Jornada\u00bb y \u00abEl Financiero\u00bb)<\/p>\n","protected":false},"excerpt":{"rendered":"<p>Redacci\u00f3n\/Zona Roja Cdmx. Ciudad de M\u00e9xico, 16 de octubre de 2020.- Sin ninguna notificaci\u00f3n a&hellip;<\/p>\n","protected":false},"author":2,"featured_media":18864,"comment_status":"closed","ping_status":"open","sticky":false,"template":"","format":"standard","meta":{"_lmt_disableupdate":"","_lmt_disable":"","_jetpack_memberships_contains_paid_content":false,"footnotes":""},"categories":[109,47],"tags":[2108],"class_list":["post-18863","post","type-post","status-publish","format-standard","has-post-thumbnail","hentry","category-minuto-a-minuto","category-zona-gris","tag-salvador-cienfuegos-zepeda"],"jetpack_featured_media_url":"https:\/\/zonaroja.com.mx\/wp-content\/uploads\/2020\/10\/Salvador-Cienfuegos-y-EPN.jpg","jetpack_sharing_enabled":true,"_links":{"self":[{"href":"https:\/\/zonaroja.com.mx\/index.php?rest_route=\/wp\/v2\/posts\/18863","targetHints":{"allow":["GET"]}}],"collection":[{"href":"https:\/\/zonaroja.com.mx\/index.php?rest_route=\/wp\/v2\/posts"}],"about":[{"href":"https:\/\/zonaroja.com.mx\/index.php?rest_route=\/wp\/v2\/types\/post"}],"author":[{"embeddable":true,"href":"https:\/\/zonaroja.com.mx\/index.php?rest_route=\/wp\/v2\/users\/2"}],"replies":[{"embeddable":true,"href":"https:\/\/zonaroja.com.mx\/index.php?rest_route=%2Fwp%2Fv2%2Fcomments&post=18863"}],"version-history":[{"count":1,"href":"https:\/\/zonaroja.com.mx\/index.php?rest_route=\/wp\/v2\/posts\/18863\/revisions"}],"predecessor-version":[{"id":18865,"href":"https:\/\/zonaroja.com.mx\/index.php?rest_route=\/wp\/v2\/posts\/18863\/revisions\/18865"}],"wp:featuredmedia":[{"embeddable":true,"href":"https:\/\/zonaroja.com.mx\/index.php?rest_route=\/wp\/v2\/media\/18864"}],"wp:attachment":[{"href":"https:\/\/zonaroja.com.mx\/index.php?rest_route=%2Fwp%2Fv2%2Fmedia&parent=18863"}],"wp:term":[{"taxonomy":"category","embeddable":true,"href":"https:\/\/zonaroja.com.mx\/index.php?rest_route=%2Fwp%2Fv2%2Fcategories&post=18863"},{"taxonomy":"post_tag","embeddable":true,"href":"https:\/\/zonaroja.com.mx\/index.php?rest_route=%2Fwp%2Fv2%2Ftags&post=18863"}],"curies":[{"name":"wp","href":"https:\/\/api.w.org\/{rel}","templated":true}]}}