{"id":18869,"date":"2020-10-16T08:06:25","date_gmt":"2020-10-16T13:06:25","guid":{"rendered":"http:\/\/www.zonaroja.com.mx\/?p=18869"},"modified":"2020-10-16T08:06:29","modified_gmt":"2020-10-16T13:06:29","slug":"ninas-victimas-de-desapariciones-y-feminicidios-en-oaxaca","status":"publish","type":"post","link":"https:\/\/zonaroja.com.mx\/?p=18869","title":{"rendered":"Ni\u00f1as, v\u00edctimas de desapariciones y feminicidios en Oaxaca&nbsp;"},"content":{"rendered":"\n<p>Evlin Arag\u00f3n\/Zona Roja.<\/p>\n\n\n\n<p>Oaxaca de Ju\u00e1rez, Oax., 16 de octubre de 2020.- El 57 por ciento de las desaparecidas en Oaxaca son ni\u00f1as y adolescentes, lo que las convierte en uno de los sectores poblacionales m\u00e1s vulnerables en torno a la violencia por raz\u00f3n de g\u00e9nero en la entidad.&nbsp;<\/p>\n\n\n\n<p>As\u00ed lo dio a conocer Consorcio Oaxaca que, de acuerdo con su plataforma de violencia feminicida, en lo que va de la administraci\u00f3n de Alejandro Murat Hinojosa, registra 672 menores de entre 11 y 17 a\u00f1os de edad v\u00edctimas de violencia, 71 casos de violencia sexual y 26 de feminicidios en este sector poblacional.&nbsp;<\/p>\n\n\n\n<p>Del total de los casos de violencia sexual, el 62 por ciento configuran el delito de violaci\u00f3n y el 31 por ciento por abuso sexual, mientras que de los feminicidios el 60 por ciento fueron ejecutados con arma de fuego.<\/p>\n\n\n\n<p>La organizaci\u00f3n feminista evidenci\u00f3 que la pandemia causada por Covid-19 ha aumentado la violencia infantil con un incremento del 24 por ciento a nivel nacional, siendo el principal delito el abuso sexual al interior o fuera de sus viviendas.&nbsp;<\/p>\n\n\n\n<p>En el caso de Oaxaca, el hogar se ha convertido en el lugar m\u00e1s inseguro para ni\u00f1as y j\u00f3venes, raz\u00f3n por la que incluso las Naciones Unidas han argumentado que las graves consecuencias de la pandemia ser\u00e1n mucho m\u00e1s graves que la enfermedad en s\u00ed, al verse afectada su integridad f\u00edsica y psicol\u00f3gica.<\/p>\n\n\n\n<p>De acuerdo con los datos expuestos, es la regi\u00f3n de Valles Centrales la m\u00e1s riesgosa para las ni\u00f1as y adolescentes con 334 agresiones, seguida del Istmo de Tehuantepec con 83, la Mixteca con 73, mientras que la Costa y Papaloapan registran 66 cada una.<\/p>\n\n\n\n<p>En este sentido record\u00f3 que en el 2011 la Asamblea General de la Naciones Unidas estableci\u00f3 el 11 de octubre como el D\u00eda Internacional de la Ni\u00f1a con el objetivo de reconocer sus derechos, as\u00ed como los problemas excepcionales que confrontan en todo el mundo.<\/p>\n\n\n\n<p>Por lo anterior hizo un llamado urgente a las autoridades para garantizar la vida digna de las mujeres y en especial de las ni\u00f1as y adolescentes, pues a la fecha, no existen pol\u00edticas p\u00fablicas integrales para la atenci\u00f3n, prevenci\u00f3n, sanci\u00f3n y eliminaci\u00f3n de la violencia en la entidad.&nbsp;<\/p>\n\n\n\n<p>As\u00ed mismo, exhort\u00f3 a la sociedad en general a mostrar cero tolerancia hacia la violencia contra ni\u00f1as y adolescentes que debe detenerse y garantizar los derechos que por ley le han sido otorgados.<\/p>\n","protected":false},"excerpt":{"rendered":"<p>Evlin Arag\u00f3n\/Zona Roja. Oaxaca de Ju\u00e1rez, Oax., 16 de octubre de 2020.- El 57 por&hellip;<\/p>\n","protected":false},"author":2,"featured_media":18870,"comment_status":"closed","ping_status":"open","sticky":false,"template":"","format":"standard","meta":{"_lmt_disableupdate":"","_lmt_disable":"","_jetpack_memberships_contains_paid_content":false,"footnotes":""},"categories":[109,47],"tags":[461],"class_list":["post-18869","post","type-post","status-publish","format-standard","has-post-thumbnail","hentry","category-minuto-a-minuto","category-zona-gris","tag-violencia-feminicida-oaxaca"],"jetpack_featured_media_url":"https:\/\/zonaroja.com.mx\/wp-content\/uploads\/2020\/10\/violencia-ninas-ninos-adolecentes.jpg","jetpack_sharing_enabled":true,"_links":{"self":[{"href":"https:\/\/zonaroja.com.mx\/index.php?rest_route=\/wp\/v2\/posts\/18869","targetHints":{"allow":["GET"]}}],"collection":[{"href":"https:\/\/zonaroja.com.mx\/index.php?rest_route=\/wp\/v2\/posts"}],"about":[{"href":"https:\/\/zonaroja.com.mx\/index.php?rest_route=\/wp\/v2\/types\/post"}],"author":[{"embeddable":true,"href":"https:\/\/zonaroja.com.mx\/index.php?rest_route=\/wp\/v2\/users\/2"}],"replies":[{"embeddable":true,"href":"https:\/\/zonaroja.com.mx\/index.php?rest_route=%2Fwp%2Fv2%2Fcomments&post=18869"}],"version-history":[{"count":1,"href":"https:\/\/zonaroja.com.mx\/index.php?rest_route=\/wp\/v2\/posts\/18869\/revisions"}],"predecessor-version":[{"id":18871,"href":"https:\/\/zonaroja.com.mx\/index.php?rest_route=\/wp\/v2\/posts\/18869\/revisions\/18871"}],"wp:featuredmedia":[{"embeddable":true,"href":"https:\/\/zonaroja.com.mx\/index.php?rest_route=\/wp\/v2\/media\/18870"}],"wp:attachment":[{"href":"https:\/\/zonaroja.com.mx\/index.php?rest_route=%2Fwp%2Fv2%2Fmedia&parent=18869"}],"wp:term":[{"taxonomy":"category","embeddable":true,"href":"https:\/\/zonaroja.com.mx\/index.php?rest_route=%2Fwp%2Fv2%2Fcategories&post=18869"},{"taxonomy":"post_tag","embeddable":true,"href":"https:\/\/zonaroja.com.mx\/index.php?rest_route=%2Fwp%2Fv2%2Ftags&post=18869"}],"curies":[{"name":"wp","href":"https:\/\/api.w.org\/{rel}","templated":true}]}}