{"id":1887,"date":"2019-06-27T22:51:23","date_gmt":"2019-06-28T03:51:23","guid":{"rendered":"http:\/\/www.zonaroja.com.mx\/?p=1887"},"modified":"2019-06-27T22:51:25","modified_gmt":"2019-06-28T03:51:25","slug":"detencion-de-dirigente-del-sindicato-libertad-desata-bloqueos","status":"publish","type":"post","link":"https:\/\/zonaroja.com.mx\/?p=1887","title":{"rendered":"Detenci\u00f3n de dirigente del Sindicato \u201cLibertad\u201d desata bloqueos"},"content":{"rendered":"\n<p>Redacci\u00f3n<\/p>\n\n\n\n<p>Oaxaca de\nJu\u00e1rez, Oax., 27 de junio de 2019.- \u201cA ver compa\u00f1eros, buenas tardes, por ah\u00ed ocupando\ntres-cuatro, se acaban de llevar a Ren\u00e9 en una camioneta negra y una roja, van\nbajando de Huay\u00e1pam, por favor, este hay que checar, compa\u00f1eros de vigilancia\u201d,\nfue la alerta por radio que desat\u00f3 los bloqueos.<\/p>\n\n\n\n<p>Salvador\nRen\u00e9 Balderas, dirigente del Sindicato \u201cLibertad\u201d, fue detenido esta noche por\nel presunto delito de homicidio, en la v\u00edspera de la visita del Presidente\nAndr\u00e9s Manuel L\u00f3pez Obrador a la entidad.<\/p>\n\n\n\n<p>La orden de aprehensi\u00f3n\nse le ejecut\u00f3 en inmediaciones del pante\u00f3n Jard\u00edn, al poniente de la ciudad de\nOaxaca, por parte de elementos de la Fuerza Especial de Reacci\u00f3n Inmediata\n(FERI) de la Fiscal\u00eda General del Estado de Oaxaca.<\/p>\n\n\n\n<p>Alrededor de las 21:00 horas, taxitas colectivos de diversos sitios cerraron cruceros de la zona, como de la v\u00eda 190 con la antigua sede del Instituto Estatal de Educaci\u00f3n P\u00fablica y del monumento a don Benito Ju\u00e1rez, entre otros, donde permanecieron por poco m\u00e1s de una hora.<\/p>\n\n\n\n<figure class=\"wp-block-embed-twitter wp-block-embed is-type-rich is-provider-twitter\"><div class=\"wp-block-embed__wrapper\">\n<div class=\"twitter-tweet\"><blockquote class=\"twitter-tweet\" data-lang=\"es\"><p lang=\"es\" dir=\"ltr\"><a href=\"https:\/\/twitter.com\/hashtag\/OaxacaRojo?src=hash&amp;ref_src=twsrc%5Etfw\">#OaxacaRojo<\/a><br>Por presunta detenci\u00f3n de uno de sus dirigentes, taxistas de diversos sitios bloquean el crucero de la carretera federal 190 con el pante\u00f3n Jard\u00edn, en inmediaciones de la antigua sede del IEEPO; cierran tambi\u00e9n vialidades en otros puntos al oriente de la capital. <a href=\"https:\/\/t.co\/cSIJ09CIbz\">pic.twitter.com\/cSIJ09CIbz<\/a><\/p>&mdash; Zona Roja Oaxaca (@MexRoja) <a href=\"https:\/\/twitter.com\/MexRoja\/status\/1144425884461535233?ref_src=twsrc%5Etfw\">28 de junio de 2019<\/a><\/blockquote><\/div>\n<\/div><\/figure>\n\n\n\n<p>Balderas fue\npuesto a disposici\u00f3n del Ministerio P\u00fablico, tras su revisi\u00f3n m\u00e9dica; sin\nembargo, ser\u00e1 hasta este viernes en que se lleve a cabo la audiencia de\nimputaci\u00f3n en el Tribunal Superior de justicia. Hasta el momento no se han dado\ndetalles del delito por el que se le acusa.<\/p>\n\n\n\n<p>El pasado 12\nde febrero, Balderas fue atacado a balazos cerca de la comisar\u00eda de Santa Cruz\nXoxocotl\u00e1n, en la calle Porfirio D\u00edaz, en su camioneta blindada; sali\u00f3 ileso y\nse refugi\u00f3 en las instalaciones policiales.<\/p>\n\n\n\n<p>El 23 de\nmarzo de este a\u00f1o, denunci\u00f3 que sus afiliados sufrieron al menos tres ataques\narmados, presuntamente por transportistas adheridos a la Confederaci\u00f3n Aut\u00f3noma\nde Trabajadores y Empleados de M\u00e9xico (CATEM).<\/p>\n\n\n\n<p>En esa\nocasi\u00f3n se\u00f1al\u00f3 al \u00abNene\u00bb, al \u00abOaxaco\u00bb y a Edgar Luis\nJim\u00e9nez, como autores de dichos actos violentos.<\/p>\n","protected":false},"excerpt":{"rendered":"<p>Redacci\u00f3n Oaxaca de Ju\u00e1rez, Oax., 27 de junio de 2019.- \u201cA ver compa\u00f1eros, buenas tardes,&hellip;<\/p>\n","protected":false},"author":2,"featured_media":1888,"comment_status":"closed","ping_status":"open","sticky":false,"template":"","format":"standard","meta":{"_lmt_disableupdate":"","_lmt_disable":"","_jetpack_memberships_contains_paid_content":false,"footnotes":""},"categories":[109,51],"tags":[58,252,253],"class_list":["post-1887","post","type-post","status-publish","format-standard","has-post-thumbnail","hentry","category-minuto-a-minuto","category-zona-roja","tag-oaxaca","tag-salvador-rene-balderas","tag-sindicato-libertad"],"jetpack_featured_media_url":"https:\/\/zonaroja.com.mx\/wp-content\/uploads\/2019\/06\/1d7e04b3-2192-4e77-9aa4-128d0cf3df26.jpg","jetpack_sharing_enabled":true,"_links":{"self":[{"href":"https:\/\/zonaroja.com.mx\/index.php?rest_route=\/wp\/v2\/posts\/1887","targetHints":{"allow":["GET"]}}],"collection":[{"href":"https:\/\/zonaroja.com.mx\/index.php?rest_route=\/wp\/v2\/posts"}],"about":[{"href":"https:\/\/zonaroja.com.mx\/index.php?rest_route=\/wp\/v2\/types\/post"}],"author":[{"embeddable":true,"href":"https:\/\/zonaroja.com.mx\/index.php?rest_route=\/wp\/v2\/users\/2"}],"replies":[{"embeddable":true,"href":"https:\/\/zonaroja.com.mx\/index.php?rest_route=%2Fwp%2Fv2%2Fcomments&post=1887"}],"version-history":[{"count":2,"href":"https:\/\/zonaroja.com.mx\/index.php?rest_route=\/wp\/v2\/posts\/1887\/revisions"}],"predecessor-version":[{"id":1912,"href":"https:\/\/zonaroja.com.mx\/index.php?rest_route=\/wp\/v2\/posts\/1887\/revisions\/1912"}],"wp:featuredmedia":[{"embeddable":true,"href":"https:\/\/zonaroja.com.mx\/index.php?rest_route=\/wp\/v2\/media\/1888"}],"wp:attachment":[{"href":"https:\/\/zonaroja.com.mx\/index.php?rest_route=%2Fwp%2Fv2%2Fmedia&parent=1887"}],"wp:term":[{"taxonomy":"category","embeddable":true,"href":"https:\/\/zonaroja.com.mx\/index.php?rest_route=%2Fwp%2Fv2%2Fcategories&post=1887"},{"taxonomy":"post_tag","embeddable":true,"href":"https:\/\/zonaroja.com.mx\/index.php?rest_route=%2Fwp%2Fv2%2Ftags&post=1887"}],"curies":[{"name":"wp","href":"https:\/\/api.w.org\/{rel}","templated":true}]}}